{"id":6310,"date":"2021-03-03T17:28:21","date_gmt":"2021-03-03T20:28:21","guid":{"rendered":"https:\/\/www.tribunanf.com.br\/blogdoralfereis\/?p=6310"},"modified":"2021-03-03T17:28:21","modified_gmt":"2021-03-03T20:28:21","slug":"em-brasilia-wladimir-e-frederico-solicitam-a-inclusao-de-campos-em-projetos-federais-da-agricultura","status":"publish","type":"post","link":"https:\/\/www.tribunanf.com.br\/blogdoralfereis\/2021\/03\/03\/em-brasilia-wladimir-e-frederico-solicitam-a-inclusao-de-campos-em-projetos-federais-da-agricultura\/","title":{"rendered":"Em Bras\u00edlia, Wladimir e Frederico solicitam a inclus\u00e3o de Campos em projetos federais da Agricultura"},"content":{"rendered":"<p><img loading=\"lazy\" decoding=\"async\" class=\"aligncenter size-large wp-image-6311\" src=\"https:\/\/www.tribunanf.com.br\/blogdoralfereis\/wp-content\/uploads\/sites\/11\/2021\/03\/157383986_2148957401905777_6590019248360833411_o-1024x766.jpg\" alt=\"\" width=\"800\" height=\"598\" \/><\/p>\n<p style=\"text-align: justify;\">O prefeito de Campos, Wladimir Garotinho, e o vice Frederico Paes, cumprem agenda em Bras\u00edlia nesta quarta-feira (3).<\/p>\n<p style=\"text-align: justify;\">Acompanhados da deputada federal Clarissa Garotinho, Wladimir e Frederico foram ao Minist\u00e9rio da Agricultura para requisitar a inclus\u00e3o do munic\u00edpio em programas federais do minist\u00e9rio.<\/p>\n<p style=\"text-align: justify;\">&#8220;Acabamos de participar de uma reuni\u00e3o com o secret\u00e1rio executivo do Minist\u00e9rio da Agricultura, Marcos Montes. Solicitamos a inclus\u00e3o do munic\u00edpio de Campos nos programas federais do minist\u00e9rio.&#8221;, disse Wladimir nas redes sociais.<\/p>\n<p style=\"text-align: justify;\">O secret\u00e1rio de Agricultura do munic\u00edpio, Almy Junior, tamb\u00e9m participou da reuni\u00e3o.<\/p>\n","protected":false},"excerpt":{"rendered":"<p>O prefeito de Campos, Wladimir Garotinho, e o vice Frederico Paes, cumprem agenda em Bras\u00edlia nesta quarta-feira (3). Acompanhados da&#8230;<\/p>\n","protected":false},"author":2,"featured_media":6311,"comment_status":"open","ping_status":"open","sticky":false,"template":"","format":"standard","meta":{"colormag_page_container_layout":"default_layout","colormag_page_sidebar_layout":"default_layout","jetpack_post_was_ever_published":false,"_jetpack_newsletter_access":"","_jetpack_dont_email_post_to_subs":false,"_jetpack_newsletter_tier_id":0,"_jetpack_memberships_contains_paywalled_content":false,"_jetpack_memberships_contains_paid_content":false,"footnotes":""},"categories":[2],"tags":[],"class_list":["post-6310","post","type-post","status-publish","format-standard","has-post-thumbnail","hentry","category-politica"],"jetpack_featured_media_url":"https:\/\/www.tribunanf.com.br\/blogdoralfereis\/wp-content\/uploads\/sites\/11\/2021\/03\/157383986_2148957401905777_6590019248360833411_o-e1614803234535.jpg","jetpack_sharing_enabled":true,"_links":{"self":[{"href":"https:\/\/www.tribunanf.com.br\/blogdoralfereis\/wp-json\/wp\/v2\/posts\/6310","targetHints":{"allow":["GET"]}}],"collection":[{"href":"https:\/\/www.tribunanf.com.br\/blogdoralfereis\/wp-json\/wp\/v2\/posts"}],"about":[{"href":"https:\/\/www.tribunanf.com.br\/blogdoralfereis\/wp-json\/wp\/v2\/types\/post"}],"author":[{"embeddable":true,"href":"https:\/\/www.tribunanf.com.br\/blogdoralfereis\/wp-json\/wp\/v2\/users\/2"}],"replies":[{"embeddable":true,"href":"https:\/\/www.tribunanf.com.br\/blogdoralfereis\/wp-json\/wp\/v2\/comments?post=6310"}],"version-history":[{"count":0,"href":"https:\/\/www.tribunanf.com.br\/blogdoralfereis\/wp-json\/wp\/v2\/posts\/6310\/revisions"}],"wp:featuredmedia":[{"embeddable":true,"href":"https:\/\/www.tribunanf.com.br\/blogdoralfereis\/wp-json\/wp\/v2\/media\/6311"}],"wp:attachment":[{"href":"https:\/\/www.tribunanf.com.br\/blogdoralfereis\/wp-json\/wp\/v2\/media?parent=6310"}],"wp:term":[{"taxonomy":"category","embeddable":true,"href":"https:\/\/www.tribunanf.com.br\/blogdoralfereis\/wp-json\/wp\/v2\/categories?post=6310"},{"taxonomy":"post_tag","embeddable":true,"href":"https:\/\/www.tribunanf.com.br\/blogdoralfereis\/wp-json\/wp\/v2\/tags?post=6310"}],"curies":[{"name":"wp","href":"https:\/\/api.w.org\/{rel}","templated":true}]}}