{"id":6237,"date":"2021-02-24T19:49:55","date_gmt":"2021-02-24T22:49:55","guid":{"rendered":"https:\/\/www.tribunanf.com.br\/blogdoralfereis\/?p=6237"},"modified":"2021-02-25T12:30:00","modified_gmt":"2021-02-25T15:30:00","slug":"camara-anula-reprovacao-das-contas-de-rosinha-e-concede-ampla-defesa-a-ex-prefeita","status":"publish","type":"post","link":"https:\/\/www.tribunanf.com.br\/blogdoralfereis\/2021\/02\/24\/camara-anula-reprovacao-das-contas-de-rosinha-e-concede-ampla-defesa-a-ex-prefeita\/","title":{"rendered":"C\u00e2mara anula reprova\u00e7\u00e3o das contas de Rosinha e concede ampla defesa a ex-prefeita"},"content":{"rendered":"<p><img loading=\"lazy\" decoding=\"async\" class=\"aligncenter size-full wp-image-6238\" src=\"https:\/\/www.tribunanf.com.br\/blogdoralfereis\/wp-content\/uploads\/sites\/11\/2021\/02\/rosinha.jpg\" alt=\"\" width=\"976\" height=\"550\" srcset=\"https:\/\/www.tribunanf.com.br\/blogdoralfereis\/wp-content\/uploads\/sites\/11\/2021\/02\/rosinha.jpg 976w, https:\/\/www.tribunanf.com.br\/blogdoralfereis\/wp-content\/uploads\/sites\/11\/2021\/02\/rosinha-300x169.jpg 300w, https:\/\/www.tribunanf.com.br\/blogdoralfereis\/wp-content\/uploads\/sites\/11\/2021\/02\/rosinha-768x433.jpg 768w\" sizes=\"auto, (max-width: 976px) 100vw, 976px\" \/><\/p>\n<p style=\"text-align: justify;\">Por 18 votos a um, e tr\u00eas absten\u00e7\u00f5es, a C\u00e2mara de Campos aprovou nesta quarta-feira (24) o Decreto Legislativo 17\/2021, que anula uma decis\u00e3o da legislatura anterior, que em 2018 reprovou as contas da ex-prefeita Rosinha Garotinho, referente ao exerc\u00edcio financeiro de 2016. Rosinha alegou cerceamento de defesa \u00e0 \u00e9poca.<\/p>\n<p style=\"text-align: justify;\">Segundo o texto do Decreto Legislativo 17\/2021, a decis\u00e3o anterior do legislativo foi anulado \u201cem raz\u00e3o de viola\u00e7\u00e3o do devido processo legal, aus\u00eancia de contradit\u00f3rio e ampla defesa, bem como por v\u00edcios de natureza formal e material\u201d, ap\u00f3s a an\u00e1lise de requerimento formulado por Rosinha.<\/p>\n<p style=\"text-align: justify;\">Com a decis\u00e3o de hoje, o processo volta \u00e0 estaca zero no Legislativo, onde dever\u00e1 conceder ampla defesa a ex-prefeita e analisar novamente o relat\u00f3rio do TCE.<\/p>\n","protected":false},"excerpt":{"rendered":"<p>Por 18 votos a um, e tr\u00eas absten\u00e7\u00f5es, a C\u00e2mara de Campos aprovou nesta quarta-feira (24) o Decreto Legislativo 17\/2021,&#8230;<\/p>\n","protected":false},"author":2,"featured_media":6238,"comment_status":"open","ping_status":"open","sticky":false,"template":"","format":"standard","meta":{"colormag_page_container_layout":"default_layout","colormag_page_sidebar_layout":"default_layout","jetpack_post_was_ever_published":false,"_jetpack_newsletter_access":"","_jetpack_dont_email_post_to_subs":false,"_jetpack_newsletter_tier_id":0,"_jetpack_memberships_contains_paywalled_content":false,"_jetpack_memberships_contains_paid_content":false,"footnotes":""},"categories":[2],"tags":[],"class_list":["post-6237","post","type-post","status-publish","format-standard","has-post-thumbnail","hentry","category-politica"],"jetpack_featured_media_url":"https:\/\/www.tribunanf.com.br\/blogdoralfereis\/wp-content\/uploads\/sites\/11\/2021\/02\/rosinha.jpg","jetpack_sharing_enabled":true,"_links":{"self":[{"href":"https:\/\/www.tribunanf.com.br\/blogdoralfereis\/wp-json\/wp\/v2\/posts\/6237","targetHints":{"allow":["GET"]}}],"collection":[{"href":"https:\/\/www.tribunanf.com.br\/blogdoralfereis\/wp-json\/wp\/v2\/posts"}],"about":[{"href":"https:\/\/www.tribunanf.com.br\/blogdoralfereis\/wp-json\/wp\/v2\/types\/post"}],"author":[{"embeddable":true,"href":"https:\/\/www.tribunanf.com.br\/blogdoralfereis\/wp-json\/wp\/v2\/users\/2"}],"replies":[{"embeddable":true,"href":"https:\/\/www.tribunanf.com.br\/blogdoralfereis\/wp-json\/wp\/v2\/comments?post=6237"}],"version-history":[{"count":0,"href":"https:\/\/www.tribunanf.com.br\/blogdoralfereis\/wp-json\/wp\/v2\/posts\/6237\/revisions"}],"wp:featuredmedia":[{"embeddable":true,"href":"https:\/\/www.tribunanf.com.br\/blogdoralfereis\/wp-json\/wp\/v2\/media\/6238"}],"wp:attachment":[{"href":"https:\/\/www.tribunanf.com.br\/blogdoralfereis\/wp-json\/wp\/v2\/media?parent=6237"}],"wp:term":[{"taxonomy":"category","embeddable":true,"href":"https:\/\/www.tribunanf.com.br\/blogdoralfereis\/wp-json\/wp\/v2\/categories?post=6237"},{"taxonomy":"post_tag","embeddable":true,"href":"https:\/\/www.tribunanf.com.br\/blogdoralfereis\/wp-json\/wp\/v2\/tags?post=6237"}],"curies":[{"name":"wp","href":"https:\/\/api.w.org\/{rel}","templated":true}]}}