{"id":6207,"date":"2021-02-20T13:57:48","date_gmt":"2021-02-20T16:57:48","guid":{"rendered":"https:\/\/www.tribunanf.com.br\/blogdoralfereis\/?p=6207"},"modified":"2021-02-20T13:57:48","modified_gmt":"2021-02-20T16:57:48","slug":"wladimir-vai-a-brasilia-buscar-mais-recursos","status":"publish","type":"post","link":"https:\/\/www.tribunanf.com.br\/blogdoralfereis\/2021\/02\/20\/wladimir-vai-a-brasilia-buscar-mais-recursos\/","title":{"rendered":"Wladimir vai a Bras\u00edlia buscar mais recursos"},"content":{"rendered":"<p><img loading=\"lazy\" decoding=\"async\" class=\"aligncenter size-full wp-image-5749\" src=\"https:\/\/www.tribunanf.com.br\/blogdoralfereis\/wp-content\/uploads\/sites\/11\/2020\/12\/wlad.png\" alt=\"\" width=\"621\" height=\"598\" srcset=\"https:\/\/www.tribunanf.com.br\/blogdoralfereis\/wp-content\/uploads\/sites\/11\/2020\/12\/wlad.png 621w, https:\/\/www.tribunanf.com.br\/blogdoralfereis\/wp-content\/uploads\/sites\/11\/2020\/12\/wlad-300x289.png 300w\" sizes=\"auto, (max-width: 621px) 100vw, 621px\" \/><\/p>\n<p style=\"text-align: justify;\">O prefeito de Campos, Wladimir Garotinho, vai a Bras\u00edlia na pr\u00f3xima segunda-feira buscar mais recursos para a plan\u00edcie Goitac\u00e1.<\/p>\n<p style=\"text-align: justify;\">&#8220;Nesta segunda-feira estarei em Bras\u00edlia, as amizades que l\u00e1 fiz, deixaram muitas portas abertas junto aos deputados.<\/p>\n<p style=\"text-align: justify;\">Buscaremos emendas parlamentares que ajudar\u00e3o no crescimento da nossa Campos.&#8221;, disse Wladimir.<\/p>\n<p style=\"text-align: justify;\">Na \u00faltima ida a Bras\u00edlia, Wladimir conseguiu recursos para recupera\u00e7\u00e3o asf\u00e1ltica (opera\u00e7\u00e3o tapa buraco), \u00e1rea da agricultura e sa\u00fade.<\/p>\n<blockquote class=\"twitter-tweet\">\n<p dir=\"ltr\" lang=\"pt\">Nesta segunda-feira estarei em Bras\u00edlia, as amizades que l\u00e1 fiz, deixaram muitas portas abertas junto aos deputados.<\/p>\n<p>Buscaremos emendas parlamentares que ajudar\u00e3o no crescimento da nossa Campos.<\/p>\n<p>\u2014 Wladimir Garotinho (@WladGarotinho) <a href=\"https:\/\/twitter.com\/WladGarotinho\/status\/1363166542138134529?ref_src=twsrc%5Etfw\" target=\"_blank\" rel=\"noopener\">February 20, 2021<\/a><\/p><\/blockquote>\n<p><script async src=\"https:\/\/platform.twitter.com\/widgets.js\" charset=\"utf-8\"><\/script><\/p>\n","protected":false},"excerpt":{"rendered":"<p>O prefeito de Campos, Wladimir Garotinho, vai a Bras\u00edlia na pr\u00f3xima segunda-feira buscar mais recursos para a plan\u00edcie Goitac\u00e1. &#8220;Nesta&#8230;<\/p>\n","protected":false},"author":2,"featured_media":5749,"comment_status":"open","ping_status":"open","sticky":false,"template":"","format":"standard","meta":{"colormag_page_container_layout":"default_layout","colormag_page_sidebar_layout":"default_layout","jetpack_post_was_ever_published":false,"_jetpack_newsletter_access":"","_jetpack_dont_email_post_to_subs":false,"_jetpack_newsletter_tier_id":0,"_jetpack_memberships_contains_paywalled_content":false,"_jetpack_memberships_contains_paid_content":false,"footnotes":""},"categories":[2],"tags":[],"class_list":["post-6207","post","type-post","status-publish","format-standard","has-post-thumbnail","hentry","category-politica"],"jetpack_featured_media_url":"https:\/\/www.tribunanf.com.br\/blogdoralfereis\/wp-content\/uploads\/sites\/11\/2020\/12\/wlad.png","jetpack_sharing_enabled":true,"_links":{"self":[{"href":"https:\/\/www.tribunanf.com.br\/blogdoralfereis\/wp-json\/wp\/v2\/posts\/6207","targetHints":{"allow":["GET"]}}],"collection":[{"href":"https:\/\/www.tribunanf.com.br\/blogdoralfereis\/wp-json\/wp\/v2\/posts"}],"about":[{"href":"https:\/\/www.tribunanf.com.br\/blogdoralfereis\/wp-json\/wp\/v2\/types\/post"}],"author":[{"embeddable":true,"href":"https:\/\/www.tribunanf.com.br\/blogdoralfereis\/wp-json\/wp\/v2\/users\/2"}],"replies":[{"embeddable":true,"href":"https:\/\/www.tribunanf.com.br\/blogdoralfereis\/wp-json\/wp\/v2\/comments?post=6207"}],"version-history":[{"count":0,"href":"https:\/\/www.tribunanf.com.br\/blogdoralfereis\/wp-json\/wp\/v2\/posts\/6207\/revisions"}],"wp:featuredmedia":[{"embeddable":true,"href":"https:\/\/www.tribunanf.com.br\/blogdoralfereis\/wp-json\/wp\/v2\/media\/5749"}],"wp:attachment":[{"href":"https:\/\/www.tribunanf.com.br\/blogdoralfereis\/wp-json\/wp\/v2\/media?parent=6207"}],"wp:term":[{"taxonomy":"category","embeddable":true,"href":"https:\/\/www.tribunanf.com.br\/blogdoralfereis\/wp-json\/wp\/v2\/categories?post=6207"},{"taxonomy":"post_tag","embeddable":true,"href":"https:\/\/www.tribunanf.com.br\/blogdoralfereis\/wp-json\/wp\/v2\/tags?post=6207"}],"curies":[{"name":"wp","href":"https:\/\/api.w.org\/{rel}","templated":true}]}}