{"id":6202,"date":"2021-02-19T14:34:04","date_gmt":"2021-02-19T17:34:04","guid":{"rendered":"https:\/\/www.tribunanf.com.br\/blogdoralfereis\/?p=6202"},"modified":"2021-02-19T14:34:04","modified_gmt":"2021-02-19T17:34:04","slug":"ex-estrategista-de-crivella-e-paes-bethlem-vira-guru-do-governo-claudio-castro","status":"publish","type":"post","link":"https:\/\/www.tribunanf.com.br\/blogdoralfereis\/2021\/02\/19\/ex-estrategista-de-crivella-e-paes-bethlem-vira-guru-do-governo-claudio-castro\/","title":{"rendered":"Ex-estrategista de Crivella e Paes, Bethlem vira &#8216;guru&#8217; do governo Claudio Castro"},"content":{"rendered":"<p><img loading=\"lazy\" decoding=\"async\" class=\"aligncenter size-large wp-image-6203\" src=\"https:\/\/www.tribunanf.com.br\/blogdoralfereis\/wp-content\/uploads\/sites\/11\/2021\/02\/candidatorodrigobethlem-1024x536.jpg\" alt=\"\" width=\"800\" height=\"419\" srcset=\"https:\/\/www.tribunanf.com.br\/blogdoralfereis\/wp-content\/uploads\/sites\/11\/2021\/02\/candidatorodrigobethlem-1024x536.jpg 1024w, https:\/\/www.tribunanf.com.br\/blogdoralfereis\/wp-content\/uploads\/sites\/11\/2021\/02\/candidatorodrigobethlem-300x157.jpg 300w, https:\/\/www.tribunanf.com.br\/blogdoralfereis\/wp-content\/uploads\/sites\/11\/2021\/02\/candidatorodrigobethlem-768x402.jpg 768w, https:\/\/www.tribunanf.com.br\/blogdoralfereis\/wp-content\/uploads\/sites\/11\/2021\/02\/candidatorodrigobethlem-390x205.jpg 390w, https:\/\/www.tribunanf.com.br\/blogdoralfereis\/wp-content\/uploads\/sites\/11\/2021\/02\/candidatorodrigobethlem.jpg 1200w\" sizes=\"auto, (max-width: 800px) 100vw, 800px\" \/><\/p>\n<p style=\"text-align: justify;\">Ex-aliado de Eduardo Paes e estrategista de Marcelo Crivella (Republicanos) nas campanhas de 2016 e 2020 e consultor informal durante a gest\u00e3o do ex-prefeito, o ex-deputado federal Rodrigo Bethlem virou uma esp\u00e9cie de &#8216;guru&#8217; ou consultor informal do governador Cl\u00e1udio Castro (PSC). Junto a Castro, Bethlem j\u00e1 participou de tr\u00eas reuni\u00f5es com o secretariado e fez observa\u00e7\u00f5es sobre os encontros. Ambos almo\u00e7aram nesta quinta-feira (18).<\/p>\n<p style=\"text-align: justify;\">Bethlem foi convidado por Castro para acompanhar a reuni\u00e3o de secret\u00e1rios, onde foram apresentadas as a\u00e7\u00f5es de cada pasta, e dizer o achava das apresenta\u00e7\u00f5es e dar palpites.<\/p>\n","protected":false},"excerpt":{"rendered":"<p>Ex-aliado de Eduardo Paes e estrategista de Marcelo Crivella (Republicanos) nas campanhas de 2016 e 2020 e consultor informal durante&#8230;<\/p>\n","protected":false},"author":2,"featured_media":6203,"comment_status":"open","ping_status":"open","sticky":false,"template":"","format":"standard","meta":{"colormag_page_container_layout":"default_layout","colormag_page_sidebar_layout":"default_layout","jetpack_post_was_ever_published":false,"_jetpack_newsletter_access":"","_jetpack_dont_email_post_to_subs":false,"_jetpack_newsletter_tier_id":0,"_jetpack_memberships_contains_paywalled_content":false,"_jetpack_memberships_contains_paid_content":false,"footnotes":""},"categories":[2],"tags":[],"class_list":["post-6202","post","type-post","status-publish","format-standard","has-post-thumbnail","hentry","category-politica"],"jetpack_featured_media_url":"https:\/\/www.tribunanf.com.br\/blogdoralfereis\/wp-content\/uploads\/sites\/11\/2021\/02\/candidatorodrigobethlem.jpg","jetpack_sharing_enabled":true,"_links":{"self":[{"href":"https:\/\/www.tribunanf.com.br\/blogdoralfereis\/wp-json\/wp\/v2\/posts\/6202","targetHints":{"allow":["GET"]}}],"collection":[{"href":"https:\/\/www.tribunanf.com.br\/blogdoralfereis\/wp-json\/wp\/v2\/posts"}],"about":[{"href":"https:\/\/www.tribunanf.com.br\/blogdoralfereis\/wp-json\/wp\/v2\/types\/post"}],"author":[{"embeddable":true,"href":"https:\/\/www.tribunanf.com.br\/blogdoralfereis\/wp-json\/wp\/v2\/users\/2"}],"replies":[{"embeddable":true,"href":"https:\/\/www.tribunanf.com.br\/blogdoralfereis\/wp-json\/wp\/v2\/comments?post=6202"}],"version-history":[{"count":0,"href":"https:\/\/www.tribunanf.com.br\/blogdoralfereis\/wp-json\/wp\/v2\/posts\/6202\/revisions"}],"wp:featuredmedia":[{"embeddable":true,"href":"https:\/\/www.tribunanf.com.br\/blogdoralfereis\/wp-json\/wp\/v2\/media\/6203"}],"wp:attachment":[{"href":"https:\/\/www.tribunanf.com.br\/blogdoralfereis\/wp-json\/wp\/v2\/media?parent=6202"}],"wp:term":[{"taxonomy":"category","embeddable":true,"href":"https:\/\/www.tribunanf.com.br\/blogdoralfereis\/wp-json\/wp\/v2\/categories?post=6202"},{"taxonomy":"post_tag","embeddable":true,"href":"https:\/\/www.tribunanf.com.br\/blogdoralfereis\/wp-json\/wp\/v2\/tags?post=6202"}],"curies":[{"name":"wp","href":"https:\/\/api.w.org\/{rel}","templated":true}]}}