{"id":6181,"date":"2021-02-12T21:14:55","date_gmt":"2021-02-13T00:14:55","guid":{"rendered":"https:\/\/www.tribunanf.com.br\/blogdoralfereis\/?p=6181"},"modified":"2021-02-12T21:15:35","modified_gmt":"2021-02-13T00:15:35","slug":"gilmar-mendes-manda-soltar-crivella","status":"publish","type":"post","link":"https:\/\/www.tribunanf.com.br\/blogdoralfereis\/2021\/02\/12\/gilmar-mendes-manda-soltar-crivella\/","title":{"rendered":"Gilmar Mendes manda soltar Crivella"},"content":{"rendered":"<p><img loading=\"lazy\" decoding=\"async\" class=\"aligncenter size-full wp-image-5754\" src=\"https:\/\/www.tribunanf.com.br\/blogdoralfereis\/wp-content\/uploads\/sites\/11\/2020\/12\/crivella-7.jpeg\" alt=\"\" width=\"1008\" height=\"567\" srcset=\"https:\/\/www.tribunanf.com.br\/blogdoralfereis\/wp-content\/uploads\/sites\/11\/2020\/12\/crivella-7.jpeg 1008w, https:\/\/www.tribunanf.com.br\/blogdoralfereis\/wp-content\/uploads\/sites\/11\/2020\/12\/crivella-7-300x169.jpeg 300w, https:\/\/www.tribunanf.com.br\/blogdoralfereis\/wp-content\/uploads\/sites\/11\/2020\/12\/crivella-7-768x432.jpeg 768w\" sizes=\"auto, (max-width: 1008px) 100vw, 1008px\" \/><\/p>\n<p style=\"text-align: justify;\">O ministro do Supremo Tribunal Federal (STF) Gilmar Mendes revogou nesta sexta-feira (12) a pris\u00e3o domiciliar do ex-prefeito do Rio Marcelo Crivella.<\/p>\n<p style=\"text-align: justify;\">O ministro rejeitou um habeas corpus da defesa, mas decidiu conceder a liberdade de of\u00edcio.<\/p>\n<p style=\"text-align: justify;\">Gilmar determinou que Crivella ter\u00e1 que entregar seus passaportes em at\u00e9 48 horas e n\u00e3o poder\u00e1 manter contato com outros investigados.<\/p>\n<p style=\"text-align: justify;\">&#8220;Concedida a ordem de of\u00edcio<br \/>\nMIN. GILMAR MENDES&#8221;(&#8230;) Por essas raz\u00f5es, n\u00e3o conhe\u00e7o do habeas corpus, mas concedo a ordem de of\u00edcio, para revogar a pris\u00e3o domiciliar e as demais cautelares fixadas pela decis\u00e3o liminar do STJ no HC 636.740. Determino, ainda, as seguintes cautelares, diversas da pris\u00e3o, na forma do art. 319 do CPP: a) comparecimento peri\u00f3dico em Ju\u00edzo, no prazo e nas condi\u00e7\u00f5es fixadas pelo juiz de origem, para informar e justificar atividades (inciso I); b) proibi\u00e7\u00e3o de manter contato com os demais investigados, por qualquer meio (inciso III); c) proibi\u00e7\u00e3o de deixar o Pa\u00eds, devendo entregar seu(s) passaporte(s) em at\u00e9 48 (quarenta e oito) horas (inciso IV e art. 320). Comunique-se, com urg\u00eancia, ao Ju\u00edzo de origem, ao TJRJ e ao STJ. Publique-se. Intime-se. Bras\u00edlia, 12 de fevereiro de 2021.&#8221;, decidiu o ministro.<\/p>\n","protected":false},"excerpt":{"rendered":"<p>O ministro do Supremo Tribunal Federal (STF) Gilmar Mendes revogou nesta sexta-feira (12) a pris\u00e3o domiciliar do ex-prefeito do Rio&#8230;<\/p>\n","protected":false},"author":2,"featured_media":5754,"comment_status":"open","ping_status":"open","sticky":false,"template":"","format":"standard","meta":{"colormag_page_container_layout":"default_layout","colormag_page_sidebar_layout":"default_layout","jetpack_post_was_ever_published":false,"_jetpack_newsletter_access":"","_jetpack_dont_email_post_to_subs":false,"_jetpack_newsletter_tier_id":0,"_jetpack_memberships_contains_paywalled_content":false,"_jetpack_memberships_contains_paid_content":false,"footnotes":""},"categories":[2],"tags":[],"class_list":["post-6181","post","type-post","status-publish","format-standard","has-post-thumbnail","hentry","category-politica"],"jetpack_featured_media_url":"https:\/\/www.tribunanf.com.br\/blogdoralfereis\/wp-content\/uploads\/sites\/11\/2020\/12\/crivella-7.jpeg","jetpack_sharing_enabled":true,"_links":{"self":[{"href":"https:\/\/www.tribunanf.com.br\/blogdoralfereis\/wp-json\/wp\/v2\/posts\/6181","targetHints":{"allow":["GET"]}}],"collection":[{"href":"https:\/\/www.tribunanf.com.br\/blogdoralfereis\/wp-json\/wp\/v2\/posts"}],"about":[{"href":"https:\/\/www.tribunanf.com.br\/blogdoralfereis\/wp-json\/wp\/v2\/types\/post"}],"author":[{"embeddable":true,"href":"https:\/\/www.tribunanf.com.br\/blogdoralfereis\/wp-json\/wp\/v2\/users\/2"}],"replies":[{"embeddable":true,"href":"https:\/\/www.tribunanf.com.br\/blogdoralfereis\/wp-json\/wp\/v2\/comments?post=6181"}],"version-history":[{"count":0,"href":"https:\/\/www.tribunanf.com.br\/blogdoralfereis\/wp-json\/wp\/v2\/posts\/6181\/revisions"}],"wp:featuredmedia":[{"embeddable":true,"href":"https:\/\/www.tribunanf.com.br\/blogdoralfereis\/wp-json\/wp\/v2\/media\/5754"}],"wp:attachment":[{"href":"https:\/\/www.tribunanf.com.br\/blogdoralfereis\/wp-json\/wp\/v2\/media?parent=6181"}],"wp:term":[{"taxonomy":"category","embeddable":true,"href":"https:\/\/www.tribunanf.com.br\/blogdoralfereis\/wp-json\/wp\/v2\/categories?post=6181"},{"taxonomy":"post_tag","embeddable":true,"href":"https:\/\/www.tribunanf.com.br\/blogdoralfereis\/wp-json\/wp\/v2\/tags?post=6181"}],"curies":[{"name":"wp","href":"https:\/\/api.w.org\/{rel}","templated":true}]}}