{"id":613,"date":"2018-08-04T16:54:41","date_gmt":"2018-08-04T19:54:41","guid":{"rendered":"http:\/\/www.tribunanf.com.br\/blogdoralfereis\/?p=613"},"modified":"2018-08-04T16:54:41","modified_gmt":"2018-08-04T19:54:41","slug":"em-convencao-prb-de-crivella-confirma-apoio-a-garotinho","status":"publish","type":"post","link":"https:\/\/www.tribunanf.com.br\/blogdoralfereis\/2018\/08\/04\/em-convencao-prb-de-crivella-confirma-apoio-a-garotinho\/","title":{"rendered":"Em conven\u00e7\u00e3o, PRB de Crivella confirma apoio a Garotinho"},"content":{"rendered":"<p><img loading=\"lazy\" decoding=\"async\" class=\"aligncenter size-full wp-image-616\" src=\"http:\/\/www.tribunanf.com.br\/blogdoralfereis\/wp-content\/uploads\/sites\/11\/2018\/08\/38411952_998131097013806_6611969910148956160_n.jpg\" alt=\"\" width=\"960\" height=\"720\" srcset=\"https:\/\/www.tribunanf.com.br\/blogdoralfereis\/wp-content\/uploads\/sites\/11\/2018\/08\/38411952_998131097013806_6611969910148956160_n.jpg 960w, https:\/\/www.tribunanf.com.br\/blogdoralfereis\/wp-content\/uploads\/sites\/11\/2018\/08\/38411952_998131097013806_6611969910148956160_n-300x225.jpg 300w, https:\/\/www.tribunanf.com.br\/blogdoralfereis\/wp-content\/uploads\/sites\/11\/2018\/08\/38411952_998131097013806_6611969910148956160_n-768x576.jpg 768w\" sizes=\"auto, (max-width: 960px) 100vw, 960px\" \/><\/p>\n<p style=\"text-align: justify;\">O PRB do prefeito do Rio de Janeiro Marcelo Crivella, confirmou apoio \u00e0 candidatura do ex-governador Anthony Garotinho na corrida para o governo do Estado.<\/p>\n<p style=\"text-align: justify;\">Na conven\u00e7\u00e3o realizada na tarde deste s\u00e1bado, o PRB tamb\u00e9m confirmou a candidatura de Eduardo Lopes para o senado na alian\u00e7a com o ex-governador.<\/p>\n<p style=\"text-align: justify;\">Logo mais o PTC do vereador Thiago Virg\u00edlio tamb\u00e9m vai confirmar apoio \u00e0 candidatura de Garotinho.<\/p>\n","protected":false},"excerpt":{"rendered":"<p>O PRB do prefeito do Rio de Janeiro Marcelo Crivella, confirmou apoio \u00e0 candidatura do ex-governador Anthony Garotinho na corrida&#8230;<\/p>\n","protected":false},"author":2,"featured_media":616,"comment_status":"open","ping_status":"open","sticky":false,"template":"","format":"standard","meta":{"colormag_page_container_layout":"default_layout","colormag_page_sidebar_layout":"default_layout","jetpack_post_was_ever_published":false,"_jetpack_newsletter_access":"","_jetpack_dont_email_post_to_subs":false,"_jetpack_newsletter_tier_id":0,"_jetpack_memberships_contains_paywalled_content":false,"_jetpack_memberships_contains_paid_content":false,"footnotes":""},"categories":[1],"tags":[8,11],"class_list":["post-613","post","type-post","status-publish","format-standard","has-post-thumbnail","hentry","category-sem-categoria","tag-anthony-garotinho","tag-eleicoes-2018"],"jetpack_featured_media_url":"https:\/\/www.tribunanf.com.br\/blogdoralfereis\/wp-content\/uploads\/sites\/11\/2018\/08\/38411952_998131097013806_6611969910148956160_n.jpg","jetpack_sharing_enabled":true,"_links":{"self":[{"href":"https:\/\/www.tribunanf.com.br\/blogdoralfereis\/wp-json\/wp\/v2\/posts\/613","targetHints":{"allow":["GET"]}}],"collection":[{"href":"https:\/\/www.tribunanf.com.br\/blogdoralfereis\/wp-json\/wp\/v2\/posts"}],"about":[{"href":"https:\/\/www.tribunanf.com.br\/blogdoralfereis\/wp-json\/wp\/v2\/types\/post"}],"author":[{"embeddable":true,"href":"https:\/\/www.tribunanf.com.br\/blogdoralfereis\/wp-json\/wp\/v2\/users\/2"}],"replies":[{"embeddable":true,"href":"https:\/\/www.tribunanf.com.br\/blogdoralfereis\/wp-json\/wp\/v2\/comments?post=613"}],"version-history":[{"count":0,"href":"https:\/\/www.tribunanf.com.br\/blogdoralfereis\/wp-json\/wp\/v2\/posts\/613\/revisions"}],"wp:featuredmedia":[{"embeddable":true,"href":"https:\/\/www.tribunanf.com.br\/blogdoralfereis\/wp-json\/wp\/v2\/media\/616"}],"wp:attachment":[{"href":"https:\/\/www.tribunanf.com.br\/blogdoralfereis\/wp-json\/wp\/v2\/media?parent=613"}],"wp:term":[{"taxonomy":"category","embeddable":true,"href":"https:\/\/www.tribunanf.com.br\/blogdoralfereis\/wp-json\/wp\/v2\/categories?post=613"},{"taxonomy":"post_tag","embeddable":true,"href":"https:\/\/www.tribunanf.com.br\/blogdoralfereis\/wp-json\/wp\/v2\/tags?post=613"}],"curies":[{"name":"wp","href":"https:\/\/api.w.org\/{rel}","templated":true}]}}