{"id":6128,"date":"2021-02-04T11:57:47","date_gmt":"2021-02-04T14:57:47","guid":{"rendered":"https:\/\/www.tribunanf.com.br\/blogdoralfereis\/?p=6128"},"modified":"2021-02-04T11:57:47","modified_gmt":"2021-02-04T14:57:47","slug":"wladimir-garotinho-e-eleito-presidente-da-ompetro","status":"publish","type":"post","link":"https:\/\/www.tribunanf.com.br\/blogdoralfereis\/2021\/02\/04\/wladimir-garotinho-e-eleito-presidente-da-ompetro\/","title":{"rendered":"Wladimir Garotinho \u00e9 eleito presidente da Ompetro"},"content":{"rendered":"<p><img loading=\"lazy\" decoding=\"async\" class=\"aligncenter  wp-image-6129\" src=\"https:\/\/www.tribunanf.com.br\/blogdoralfereis\/wp-content\/uploads\/sites\/11\/2021\/02\/146925144_2126214074180110_2489288880749059520_o-946x1024.jpg\" alt=\"\" width=\"584\" height=\"632\" \/><\/p>\n<p style=\"text-align: justify;\">O prefeito de Campos dos Goytacazes Wladimir Garotinho foi eleito, por aclama\u00e7\u00e3o, presidente da Organiza\u00e7\u00e3o dos Munic\u00edpios Produtores de Petr\u00f3leo (Ompetro), em reuni\u00e3o realizada na manh\u00e3 desta quinta-feira (4).<\/p>\n<p style=\"text-align: justify;\">A prefeita de Quissam\u00e3, F\u00e1tima Pacheco, foi eleita vice-presidente da organiza\u00e7\u00e3o.<\/p>\n","protected":false},"excerpt":{"rendered":"<p>O prefeito de Campos dos Goytacazes Wladimir Garotinho foi eleito, por aclama\u00e7\u00e3o, presidente da Organiza\u00e7\u00e3o dos Munic\u00edpios Produtores de Petr\u00f3leo&#8230;<\/p>\n","protected":false},"author":2,"featured_media":6129,"comment_status":"open","ping_status":"open","sticky":false,"template":"","format":"standard","meta":{"colormag_page_container_layout":"default_layout","colormag_page_sidebar_layout":"default_layout","jetpack_post_was_ever_published":false,"_jetpack_newsletter_access":"","_jetpack_dont_email_post_to_subs":false,"_jetpack_newsletter_tier_id":0,"_jetpack_memberships_contains_paywalled_content":false,"_jetpack_memberships_contains_paid_content":false,"footnotes":""},"categories":[2],"tags":[],"class_list":["post-6128","post","type-post","status-publish","format-standard","has-post-thumbnail","hentry","category-politica"],"jetpack_featured_media_url":"https:\/\/www.tribunanf.com.br\/blogdoralfereis\/wp-content\/uploads\/sites\/11\/2021\/02\/146925144_2126214074180110_2489288880749059520_o-e1612450643677.jpg","jetpack_sharing_enabled":true,"_links":{"self":[{"href":"https:\/\/www.tribunanf.com.br\/blogdoralfereis\/wp-json\/wp\/v2\/posts\/6128","targetHints":{"allow":["GET"]}}],"collection":[{"href":"https:\/\/www.tribunanf.com.br\/blogdoralfereis\/wp-json\/wp\/v2\/posts"}],"about":[{"href":"https:\/\/www.tribunanf.com.br\/blogdoralfereis\/wp-json\/wp\/v2\/types\/post"}],"author":[{"embeddable":true,"href":"https:\/\/www.tribunanf.com.br\/blogdoralfereis\/wp-json\/wp\/v2\/users\/2"}],"replies":[{"embeddable":true,"href":"https:\/\/www.tribunanf.com.br\/blogdoralfereis\/wp-json\/wp\/v2\/comments?post=6128"}],"version-history":[{"count":0,"href":"https:\/\/www.tribunanf.com.br\/blogdoralfereis\/wp-json\/wp\/v2\/posts\/6128\/revisions"}],"wp:featuredmedia":[{"embeddable":true,"href":"https:\/\/www.tribunanf.com.br\/blogdoralfereis\/wp-json\/wp\/v2\/media\/6129"}],"wp:attachment":[{"href":"https:\/\/www.tribunanf.com.br\/blogdoralfereis\/wp-json\/wp\/v2\/media?parent=6128"}],"wp:term":[{"taxonomy":"category","embeddable":true,"href":"https:\/\/www.tribunanf.com.br\/blogdoralfereis\/wp-json\/wp\/v2\/categories?post=6128"},{"taxonomy":"post_tag","embeddable":true,"href":"https:\/\/www.tribunanf.com.br\/blogdoralfereis\/wp-json\/wp\/v2\/tags?post=6128"}],"curies":[{"name":"wp","href":"https:\/\/api.w.org\/{rel}","templated":true}]}}