{"id":6121,"date":"2021-02-04T09:13:16","date_gmt":"2021-02-04T12:13:16","guid":{"rendered":"https:\/\/www.tribunanf.com.br\/blogdoralfereis\/?p=6121"},"modified":"2021-02-04T09:13:16","modified_gmt":"2021-02-04T12:13:16","slug":"vereador-rogerio-matoso-propoe-acao-civil-publica-contra-a-aguas-do-paraiba","status":"publish","type":"post","link":"https:\/\/www.tribunanf.com.br\/blogdoralfereis\/2021\/02\/04\/vereador-rogerio-matoso-propoe-acao-civil-publica-contra-a-aguas-do-paraiba\/","title":{"rendered":"Vereador Rog\u00e9rio Matoso prop\u00f5e A\u00e7\u00e3o Civil P\u00fablica contra a \u00c1guas do Para\u00edba"},"content":{"rendered":"<p><img loading=\"lazy\" decoding=\"async\" class=\"aligncenter size-full wp-image-6122\" src=\"https:\/\/www.tribunanf.com.br\/blogdoralfereis\/wp-content\/uploads\/sites\/11\/2021\/02\/matoso.png\" alt=\"\" width=\"600\" height=\"619\" srcset=\"https:\/\/www.tribunanf.com.br\/blogdoralfereis\/wp-content\/uploads\/sites\/11\/2021\/02\/matoso.png 600w, https:\/\/www.tribunanf.com.br\/blogdoralfereis\/wp-content\/uploads\/sites\/11\/2021\/02\/matoso-291x300.png 291w\" sizes=\"auto, (max-width: 600px) 100vw, 600px\" \/><\/p>\n<p style=\"text-align: justify;\">O vereador Rog\u00e9rio Matoso prop\u00f4s, ao Minist\u00e9rio P\u00fablico, uma A\u00e7\u00e3o Civil P\u00fablica contra a empresa \u00c1guas do Para\u00edba, respons\u00e1vel pela distribui\u00e7\u00e3o de \u00e1gua e coleta de esgoto em Campos dos Goytacazes.<\/p>\n<p style=\"text-align: justify;\">A informa\u00e7\u00e3o foi divulgada nas redes sociais do vereador nesta quarta-feira (03). De acordo com Matoso, a empresa tem uma das taxas mais caras do Pa\u00eds, e a conta de \u00e1gua dos campistas \u00e9 acrescida pela taxa de esgoto, que representa o mesmo valor do consumo da \u00e1gua. &#8220;Um total absurdo ao consumidor, vide a presta\u00e7\u00e3o de servi\u00e7os da mesma&#8221;, disse.<\/p>\n<p style=\"text-align: justify;\">A \u00c1guas do Para\u00edba, que em 2019 contabilizou um lucro l\u00edquido de R$ 52,7 milh\u00f5es, tem sido motivo de dor de cabe\u00e7a para os campistas devido \u00e0s suas taxas. O robusto lucro l\u00edquido tem sido turbinado por aumento das taxas anualmente, inclusive em 2020, segundo apura\u00e7\u00e3o do vereador.<\/p>\n<p style=\"text-align: justify;\">&#8220;Dentre tantas raz\u00f5es, entramos com um pedido junto ao Minist\u00e9rio P\u00fablico, para que seja proposto A\u00e7\u00e3o Civil P\u00fablica visando a anula\u00e7\u00e3o do decreto 434\/2020. Entre os desdobramentos, entraremos com uma a\u00e7\u00e3o popular no judici\u00e1rio e estaremos oficiando o Procurador Geral do Munic\u00edpio de Campos, Roberto Landes, para juntos acharmos uma alternativa coerente que vise o bem da popula\u00e7\u00e3o&#8221;, concluiu o Matoso.<\/p>\n<p>Confira:<\/p>\n<p><iframe loading=\"lazy\" style=\"border: none; overflow: hidden;\" src=\"https:\/\/www.facebook.com\/plugins\/video.php?height=476&amp;href=https%3A%2F%2Fwww.facebook.com%2Frogeriomatosoficial%2Fvideos%2F781027629152520%2F&amp;show_text=true&amp;width=267\" width=\"267\" height=\"591\" frameborder=\"0\" scrolling=\"no\" allowfullscreen=\"allowfullscreen\"><\/iframe><\/p>\n<p>Leia tamb\u00e9m:\u00a0<a title=\"\u00c1gua e esgotos privatizados: o real objetivo \u00e9 lucrar, e muito\" href=\"https:\/\/www.tribunanf.com.br\/agua-e-esgotos-privatizados-o-real-objetivo-e-lucrar-e-muito\/\">\u00c1gua e esgotos privatizados: o real objetivo \u00e9 lucrar, e muito<\/a><\/p>\n","protected":false},"excerpt":{"rendered":"<p>O vereador Rog\u00e9rio Matoso prop\u00f4s, ao Minist\u00e9rio P\u00fablico, uma A\u00e7\u00e3o Civil P\u00fablica contra a empresa \u00c1guas do Para\u00edba, respons\u00e1vel pela&#8230;<\/p>\n","protected":false},"author":2,"featured_media":6122,"comment_status":"open","ping_status":"open","sticky":false,"template":"","format":"standard","meta":{"colormag_page_container_layout":"default_layout","colormag_page_sidebar_layout":"default_layout","jetpack_post_was_ever_published":false,"_jetpack_newsletter_access":"","_jetpack_dont_email_post_to_subs":false,"_jetpack_newsletter_tier_id":0,"_jetpack_memberships_contains_paywalled_content":false,"_jetpack_memberships_contains_paid_content":false,"footnotes":""},"categories":[2],"tags":[],"class_list":["post-6121","post","type-post","status-publish","format-standard","has-post-thumbnail","hentry","category-politica"],"jetpack_featured_media_url":"https:\/\/www.tribunanf.com.br\/blogdoralfereis\/wp-content\/uploads\/sites\/11\/2021\/02\/matoso.png","jetpack_sharing_enabled":true,"_links":{"self":[{"href":"https:\/\/www.tribunanf.com.br\/blogdoralfereis\/wp-json\/wp\/v2\/posts\/6121","targetHints":{"allow":["GET"]}}],"collection":[{"href":"https:\/\/www.tribunanf.com.br\/blogdoralfereis\/wp-json\/wp\/v2\/posts"}],"about":[{"href":"https:\/\/www.tribunanf.com.br\/blogdoralfereis\/wp-json\/wp\/v2\/types\/post"}],"author":[{"embeddable":true,"href":"https:\/\/www.tribunanf.com.br\/blogdoralfereis\/wp-json\/wp\/v2\/users\/2"}],"replies":[{"embeddable":true,"href":"https:\/\/www.tribunanf.com.br\/blogdoralfereis\/wp-json\/wp\/v2\/comments?post=6121"}],"version-history":[{"count":0,"href":"https:\/\/www.tribunanf.com.br\/blogdoralfereis\/wp-json\/wp\/v2\/posts\/6121\/revisions"}],"wp:featuredmedia":[{"embeddable":true,"href":"https:\/\/www.tribunanf.com.br\/blogdoralfereis\/wp-json\/wp\/v2\/media\/6122"}],"wp:attachment":[{"href":"https:\/\/www.tribunanf.com.br\/blogdoralfereis\/wp-json\/wp\/v2\/media?parent=6121"}],"wp:term":[{"taxonomy":"category","embeddable":true,"href":"https:\/\/www.tribunanf.com.br\/blogdoralfereis\/wp-json\/wp\/v2\/categories?post=6121"},{"taxonomy":"post_tag","embeddable":true,"href":"https:\/\/www.tribunanf.com.br\/blogdoralfereis\/wp-json\/wp\/v2\/tags?post=6121"}],"curies":[{"name":"wp","href":"https:\/\/api.w.org\/{rel}","templated":true}]}}