{"id":6064,"date":"2021-01-27T16:11:44","date_gmt":"2021-01-27T19:11:44","guid":{"rendered":"https:\/\/www.tribunanf.com.br\/blogdoralfereis\/?p=6064"},"modified":"2021-01-27T16:26:15","modified_gmt":"2021-01-27T19:26:15","slug":"projeto-de-lei-que-altera-contribuicao-previdenciaria-sera-votado-na-camara-campos","status":"publish","type":"post","link":"https:\/\/www.tribunanf.com.br\/blogdoralfereis\/2021\/01\/27\/projeto-de-lei-que-altera-contribuicao-previdenciaria-sera-votado-na-camara-campos\/","title":{"rendered":"Projeto de Lei que altera contribui\u00e7\u00e3o previdenci\u00e1ria ser\u00e1 votado na C\u00e2mara Campos"},"content":{"rendered":"<p><img loading=\"lazy\" decoding=\"async\" class=\"aligncenter size-large wp-image-6066\" src=\"https:\/\/www.tribunanf.com.br\/blogdoralfereis\/wp-content\/uploads\/sites\/11\/2021\/01\/prevcampos-min-1024x640.jpg\" alt=\"\" width=\"800\" height=\"500\" \/><\/p>\n<p style=\"text-align: justify;\">Para atender a Legisla\u00e7\u00e3o Federal e evitar que a Prefeitura seja impedida de receber repasses de verbas federais, e assim prejudicar os pr\u00f3prios servidores, a C\u00e2mara de Vereadores vota nesta quinta-feira (28) Projeto de Lei 002\/2021, que altera de 11% para 14% a contribui\u00e7\u00e3o previdenci\u00e1ria. A medida tamb\u00e9m estabelecer\u00e1 o percentual m\u00ednimo para o munic\u00edpio que tamb\u00e9m ser\u00e1 de 14%.<\/p>\n<p style=\"text-align: justify;\">O projeto obedece a Emenda Constitucional 103\/2019, que regularizou o RPPS (Regime Pr\u00f3prio de Previd\u00eancia Social) com al\u00edquota previdenci\u00e1ria de 14% para os servidores efetivos, e que assegura a eles os benef\u00edcios de aposentadoria e pens\u00e3o por morte, previstos no artigo 40 da Constitui\u00e7\u00e3o Federal.<\/p>\n<p style=\"text-align: justify;\">ENTENDA O CASO :<\/p>\n<p style=\"text-align: justify;\">A vota\u00e7\u00e3o deveria ocorrer na legislatura passada. No dia 10 dezembro a PreviCampos fez reuni\u00e3o para discutir a mensagem do governo anterior na C\u00e2mara, contudo o Projeto de Lei foi retirado de pauta, conforme esclarece o atual presidente do PreviCampos, M\u00e1rio Terra Filho.<\/p>\n<p style=\"text-align: justify;\">&#8220;O prazo venceu no dia 31 de dezembro de 2020, o governo passado tentou aprovar no apagar das luz, a nossa sorte e que houve a prorroga\u00e7\u00e3o por 30 dias, o novo prazo vence agora no dia 31 de janeiro. A gest\u00e3o anterior n\u00e3o elaborou o Plano Atuarial necess\u00e1rio para adequar \u00e0s normas da Emenda Constitucional 103\/19 que deveria estar vigorando desde 31de dezembro\u201d, explica M\u00e1rio Filho.<\/p>\n<p style=\"text-align: justify;\">Subcom*<\/p>\n","protected":false},"excerpt":{"rendered":"<p>Para atender a Legisla\u00e7\u00e3o Federal e evitar que a Prefeitura seja impedida de receber repasses de verbas federais, e assim&#8230;<\/p>\n","protected":false},"author":2,"featured_media":6066,"comment_status":"open","ping_status":"open","sticky":false,"template":"","format":"standard","meta":{"colormag_page_container_layout":"default_layout","colormag_page_sidebar_layout":"default_layout","jetpack_post_was_ever_published":false,"_jetpack_newsletter_access":"","_jetpack_dont_email_post_to_subs":false,"_jetpack_newsletter_tier_id":0,"_jetpack_memberships_contains_paywalled_content":false,"_jetpack_memberships_contains_paid_content":false,"footnotes":""},"categories":[2],"tags":[],"class_list":["post-6064","post","type-post","status-publish","format-standard","has-post-thumbnail","hentry","category-politica"],"jetpack_featured_media_url":"https:\/\/www.tribunanf.com.br\/blogdoralfereis\/wp-content\/uploads\/sites\/11\/2021\/01\/prevcampos-min-e1611774659526.jpg","jetpack_sharing_enabled":true,"_links":{"self":[{"href":"https:\/\/www.tribunanf.com.br\/blogdoralfereis\/wp-json\/wp\/v2\/posts\/6064","targetHints":{"allow":["GET"]}}],"collection":[{"href":"https:\/\/www.tribunanf.com.br\/blogdoralfereis\/wp-json\/wp\/v2\/posts"}],"about":[{"href":"https:\/\/www.tribunanf.com.br\/blogdoralfereis\/wp-json\/wp\/v2\/types\/post"}],"author":[{"embeddable":true,"href":"https:\/\/www.tribunanf.com.br\/blogdoralfereis\/wp-json\/wp\/v2\/users\/2"}],"replies":[{"embeddable":true,"href":"https:\/\/www.tribunanf.com.br\/blogdoralfereis\/wp-json\/wp\/v2\/comments?post=6064"}],"version-history":[{"count":0,"href":"https:\/\/www.tribunanf.com.br\/blogdoralfereis\/wp-json\/wp\/v2\/posts\/6064\/revisions"}],"wp:featuredmedia":[{"embeddable":true,"href":"https:\/\/www.tribunanf.com.br\/blogdoralfereis\/wp-json\/wp\/v2\/media\/6066"}],"wp:attachment":[{"href":"https:\/\/www.tribunanf.com.br\/blogdoralfereis\/wp-json\/wp\/v2\/media?parent=6064"}],"wp:term":[{"taxonomy":"category","embeddable":true,"href":"https:\/\/www.tribunanf.com.br\/blogdoralfereis\/wp-json\/wp\/v2\/categories?post=6064"},{"taxonomy":"post_tag","embeddable":true,"href":"https:\/\/www.tribunanf.com.br\/blogdoralfereis\/wp-json\/wp\/v2\/tags?post=6064"}],"curies":[{"name":"wp","href":"https:\/\/api.w.org\/{rel}","templated":true}]}}