{"id":6042,"date":"2021-01-25T13:03:10","date_gmt":"2021-01-25T16:03:10","guid":{"rendered":"https:\/\/www.tribunanf.com.br\/blogdoralfereis\/?p=6042"},"modified":"2021-01-25T13:03:10","modified_gmt":"2021-01-25T16:03:10","slug":"witzel-volta-a-pedir-anulacao-da-delacao-de-ex-secretario-de-saude","status":"publish","type":"post","link":"https:\/\/www.tribunanf.com.br\/blogdoralfereis\/2021\/01\/25\/witzel-volta-a-pedir-anulacao-da-delacao-de-ex-secretario-de-saude\/","title":{"rendered":"Witzel volta a pedir anula\u00e7\u00e3o da dela\u00e7\u00e3o de ex-secret\u00e1rio de Sa\u00fade"},"content":{"rendered":"<p><img loading=\"lazy\" decoding=\"async\" class=\"aligncenter size-large wp-image-3794\" src=\"https:\/\/www.tribunanf.com.br\/blogdoralfereis\/wp-content\/uploads\/sites\/11\/2020\/04\/witzel-e-edmar-1024x615.jpg\" alt=\"\" width=\"800\" height=\"480\" srcset=\"https:\/\/www.tribunanf.com.br\/blogdoralfereis\/wp-content\/uploads\/sites\/11\/2020\/04\/witzel-e-edmar-1024x615.jpg 1024w, https:\/\/www.tribunanf.com.br\/blogdoralfereis\/wp-content\/uploads\/sites\/11\/2020\/04\/witzel-e-edmar-300x180.jpg 300w, https:\/\/www.tribunanf.com.br\/blogdoralfereis\/wp-content\/uploads\/sites\/11\/2020\/04\/witzel-e-edmar-768x461.jpg 768w, https:\/\/www.tribunanf.com.br\/blogdoralfereis\/wp-content\/uploads\/sites\/11\/2020\/04\/witzel-e-edmar.jpg 1086w\" sizes=\"auto, (max-width: 800px) 100vw, 800px\" \/><\/p>\n<p style=\"text-align: justify;\">Os advogados de Wilson Witzel encaminharam um novo pedido ao STJ pedindo que a dela\u00e7\u00e3o de Edmar Santos, ex-secret\u00e1rio de Sa\u00fade, seja retirada dos autos. A reportagem \u00e9 da Veja.<\/p>\n<p style=\"text-align: justify;\">No pedido, encaminhado ao relator Benedito Gon\u00e7alves na \u00faltima quinta (21), a defesa de Witzel afirma constata\u00e7\u00e3o \u201cde supress\u00e3o\/desaparecimento do trecho mais relevante dos v\u00eddeos do depoimento do colaborador Edmar Santos\u201d, em que ele descreveria o \u201ccaixa \u00fanico da propina\u201d.<\/p>\n<p style=\"text-align: justify;\">\u201c[N]\u00e3o se sabe por que, foi apresentado somente por escrito, com inexplic\u00e1vel supress\u00e3o do v\u00eddeo a ele correspondente\u201d.<\/p>\n","protected":false},"excerpt":{"rendered":"<p>Os advogados de Wilson Witzel encaminharam um novo pedido ao STJ pedindo que a dela\u00e7\u00e3o de Edmar Santos, ex-secret\u00e1rio de&#8230;<\/p>\n","protected":false},"author":2,"featured_media":3794,"comment_status":"open","ping_status":"open","sticky":false,"template":"","format":"standard","meta":{"colormag_page_container_layout":"default_layout","colormag_page_sidebar_layout":"default_layout","jetpack_post_was_ever_published":false,"_jetpack_newsletter_access":"","_jetpack_dont_email_post_to_subs":false,"_jetpack_newsletter_tier_id":0,"_jetpack_memberships_contains_paywalled_content":false,"_jetpack_memberships_contains_paid_content":false,"footnotes":""},"categories":[2],"tags":[],"class_list":["post-6042","post","type-post","status-publish","format-standard","has-post-thumbnail","hentry","category-politica"],"jetpack_featured_media_url":"https:\/\/www.tribunanf.com.br\/blogdoralfereis\/wp-content\/uploads\/sites\/11\/2020\/04\/witzel-e-edmar.jpg","jetpack_sharing_enabled":true,"_links":{"self":[{"href":"https:\/\/www.tribunanf.com.br\/blogdoralfereis\/wp-json\/wp\/v2\/posts\/6042","targetHints":{"allow":["GET"]}}],"collection":[{"href":"https:\/\/www.tribunanf.com.br\/blogdoralfereis\/wp-json\/wp\/v2\/posts"}],"about":[{"href":"https:\/\/www.tribunanf.com.br\/blogdoralfereis\/wp-json\/wp\/v2\/types\/post"}],"author":[{"embeddable":true,"href":"https:\/\/www.tribunanf.com.br\/blogdoralfereis\/wp-json\/wp\/v2\/users\/2"}],"replies":[{"embeddable":true,"href":"https:\/\/www.tribunanf.com.br\/blogdoralfereis\/wp-json\/wp\/v2\/comments?post=6042"}],"version-history":[{"count":0,"href":"https:\/\/www.tribunanf.com.br\/blogdoralfereis\/wp-json\/wp\/v2\/posts\/6042\/revisions"}],"wp:featuredmedia":[{"embeddable":true,"href":"https:\/\/www.tribunanf.com.br\/blogdoralfereis\/wp-json\/wp\/v2\/media\/3794"}],"wp:attachment":[{"href":"https:\/\/www.tribunanf.com.br\/blogdoralfereis\/wp-json\/wp\/v2\/media?parent=6042"}],"wp:term":[{"taxonomy":"category","embeddable":true,"href":"https:\/\/www.tribunanf.com.br\/blogdoralfereis\/wp-json\/wp\/v2\/categories?post=6042"},{"taxonomy":"post_tag","embeddable":true,"href":"https:\/\/www.tribunanf.com.br\/blogdoralfereis\/wp-json\/wp\/v2\/tags?post=6042"}],"curies":[{"name":"wp","href":"https:\/\/api.w.org\/{rel}","templated":true}]}}