{"id":6039,"date":"2021-01-25T12:21:41","date_gmt":"2021-01-25T15:21:41","guid":{"rendered":"https:\/\/www.tribunanf.com.br\/blogdoralfereis\/?p=6039"},"modified":"2021-01-25T12:21:41","modified_gmt":"2021-01-25T15:21:41","slug":"aras-garante-que-forca-tarefa-da-lava-jato-no-rio-vai-ate-setembro","status":"publish","type":"post","link":"https:\/\/www.tribunanf.com.br\/blogdoralfereis\/2021\/01\/25\/aras-garante-que-forca-tarefa-da-lava-jato-no-rio-vai-ate-setembro\/","title":{"rendered":"Aras garante que for\u00e7a-tarefa da Lava-Jato no Rio vai at\u00e9 setembro"},"content":{"rendered":"<p><img loading=\"lazy\" decoding=\"async\" class=\"aligncenter size-full wp-image-6040\" src=\"https:\/\/www.tribunanf.com.br\/blogdoralfereis\/wp-content\/uploads\/sites\/11\/2021\/01\/aras.jpg\" alt=\"\" width=\"868\" height=\"644\" srcset=\"https:\/\/www.tribunanf.com.br\/blogdoralfereis\/wp-content\/uploads\/sites\/11\/2021\/01\/aras.jpg 868w, https:\/\/www.tribunanf.com.br\/blogdoralfereis\/wp-content\/uploads\/sites\/11\/2021\/01\/aras-300x223.jpg 300w, https:\/\/www.tribunanf.com.br\/blogdoralfereis\/wp-content\/uploads\/sites\/11\/2021\/01\/aras-768x570.jpg 768w\" sizes=\"auto, (max-width: 868px) 100vw, 868px\" \/><\/p>\n<p style=\"text-align: justify;\">Augusto Aras disse h\u00e1 pouco ao site Radar, de Veja, que a for\u00e7a-tarefa da Opera\u00e7\u00e3o Lava-Jato no Rio vai continuar funcionando at\u00e9 setembro deste ano, quando termina o primeiro mandato dele no comando da PGR.<\/p>\n<p style=\"text-align: justify;\">Aras afirma que o Gaeco, que tem prazo para estrutura\u00e7\u00e3o no Rio at\u00e9 abril, ir\u00e1 atuar em conjunto com a for\u00e7a-tarefa e que nada muda na equipe que toca importantes investiga\u00e7\u00f5es no momento.<\/p>\n<p style=\"text-align: justify;\">\u201cO Gaeco do Rio apoiar\u00e1 a for\u00e7a-tarefa e El Hage continuar\u00e1 como promotor natural e coordenador, juntamente com os atuais membros. O prazo ser\u00e1 prorrogado at\u00e9 26 de setembro, quando o meu bi\u00eanio acaba. O prazo de abril \u00e9 apenas para que o Gaeco se organize e assuma suas normais atividades\u201d, diz Aras.<\/p>\n","protected":false},"excerpt":{"rendered":"<p>Augusto Aras disse h\u00e1 pouco ao site Radar, de Veja, que a for\u00e7a-tarefa da Opera\u00e7\u00e3o Lava-Jato no Rio vai continuar&#8230;<\/p>\n","protected":false},"author":2,"featured_media":6040,"comment_status":"open","ping_status":"open","sticky":false,"template":"","format":"standard","meta":{"colormag_page_container_layout":"default_layout","colormag_page_sidebar_layout":"default_layout","jetpack_post_was_ever_published":false,"_jetpack_newsletter_access":"","_jetpack_dont_email_post_to_subs":false,"_jetpack_newsletter_tier_id":0,"_jetpack_memberships_contains_paywalled_content":false,"_jetpack_memberships_contains_paid_content":false,"footnotes":""},"categories":[2],"tags":[],"class_list":["post-6039","post","type-post","status-publish","format-standard","has-post-thumbnail","hentry","category-politica"],"jetpack_featured_media_url":"https:\/\/www.tribunanf.com.br\/blogdoralfereis\/wp-content\/uploads\/sites\/11\/2021\/01\/aras.jpg","jetpack_sharing_enabled":true,"_links":{"self":[{"href":"https:\/\/www.tribunanf.com.br\/blogdoralfereis\/wp-json\/wp\/v2\/posts\/6039","targetHints":{"allow":["GET"]}}],"collection":[{"href":"https:\/\/www.tribunanf.com.br\/blogdoralfereis\/wp-json\/wp\/v2\/posts"}],"about":[{"href":"https:\/\/www.tribunanf.com.br\/blogdoralfereis\/wp-json\/wp\/v2\/types\/post"}],"author":[{"embeddable":true,"href":"https:\/\/www.tribunanf.com.br\/blogdoralfereis\/wp-json\/wp\/v2\/users\/2"}],"replies":[{"embeddable":true,"href":"https:\/\/www.tribunanf.com.br\/blogdoralfereis\/wp-json\/wp\/v2\/comments?post=6039"}],"version-history":[{"count":0,"href":"https:\/\/www.tribunanf.com.br\/blogdoralfereis\/wp-json\/wp\/v2\/posts\/6039\/revisions"}],"wp:featuredmedia":[{"embeddable":true,"href":"https:\/\/www.tribunanf.com.br\/blogdoralfereis\/wp-json\/wp\/v2\/media\/6040"}],"wp:attachment":[{"href":"https:\/\/www.tribunanf.com.br\/blogdoralfereis\/wp-json\/wp\/v2\/media?parent=6039"}],"wp:term":[{"taxonomy":"category","embeddable":true,"href":"https:\/\/www.tribunanf.com.br\/blogdoralfereis\/wp-json\/wp\/v2\/categories?post=6039"},{"taxonomy":"post_tag","embeddable":true,"href":"https:\/\/www.tribunanf.com.br\/blogdoralfereis\/wp-json\/wp\/v2\/tags?post=6039"}],"curies":[{"name":"wp","href":"https:\/\/api.w.org\/{rel}","templated":true}]}}