{"id":597,"date":"2018-08-02T19:05:32","date_gmt":"2018-08-02T22:05:32","guid":{"rendered":"http:\/\/www.tribunanf.com.br\/blogdoralfereis\/?p=597"},"modified":"2018-08-02T19:11:28","modified_gmt":"2018-08-02T22:11:28","slug":"romario-conversa-com-psc","status":"publish","type":"post","link":"https:\/\/www.tribunanf.com.br\/blogdoralfereis\/2018\/08\/02\/romario-conversa-com-psc\/","title":{"rendered":"Rom\u00e1rio conversa com PSC"},"content":{"rendered":"<figure id=\"attachment_598\" aria-describedby=\"caption-attachment-598\" style=\"width: 699px\" class=\"wp-caption aligncenter\"><img loading=\"lazy\" decoding=\"async\" class=\"wp-image-598 size-full\" src=\"http:\/\/www.tribunanf.com.br\/blogdoralfereis\/wp-content\/uploads\/sites\/11\/2018\/08\/xRomario2.jpg.pagespeed.ic_.4rFJwPLQxi.jpg\" alt=\"\" width=\"699\" height=\"420\" srcset=\"https:\/\/www.tribunanf.com.br\/blogdoralfereis\/wp-content\/uploads\/sites\/11\/2018\/08\/xRomario2.jpg.pagespeed.ic_.4rFJwPLQxi.jpg 699w, https:\/\/www.tribunanf.com.br\/blogdoralfereis\/wp-content\/uploads\/sites\/11\/2018\/08\/xRomario2.jpg.pagespeed.ic_.4rFJwPLQxi-300x180.jpg 300w\" sizes=\"auto, (max-width: 699px) 100vw, 699px\" \/><figcaption id=\"caption-attachment-598\" class=\"wp-caption-text\">Rom\u00e1rio e \u00c1lvaro Dias<\/figcaption><\/figure>\n<p style=\"text-align: justify;\">As articula\u00e7\u00f5es para o governo do Rio de Janeiro est\u00e3o a todo vapor. O pr\u00e9-candidato ao governo estadual, senador Rom\u00e1rio, do Podemos, estaria namorando o partido PSC, do tamb\u00e9m pr\u00e9-candidato ex-juiz federal Wilson Witzel.<\/p>\n<p>A n\u00edvel nacional, o candidato a presidente pelo Podemos, \u00c1lvaro Dias, tem como candidato a vice o Paulo Rabelo do PSC.<\/p>\n<p style=\"text-align: justify;\">At\u00e9 domingo, \u00faltimo dia para as conven\u00e7\u00f5es, muita coisa vai acontecer. Caso n\u00e3o ocorra nenhuma crise de ci\u00fames, o namoro entre os dois partidos pode virar em casamento da dupla no Rio.<\/p>\n","protected":false},"excerpt":{"rendered":"<p>As articula\u00e7\u00f5es para o governo do Rio de Janeiro est\u00e3o a todo vapor. O pr\u00e9-candidato ao governo estadual, senador Rom\u00e1rio,&#8230;<\/p>\n","protected":false},"author":2,"featured_media":598,"comment_status":"open","ping_status":"open","sticky":false,"template":"","format":"standard","meta":{"colormag_page_container_layout":"default_layout","colormag_page_sidebar_layout":"default_layout","jetpack_post_was_ever_published":false,"_jetpack_newsletter_access":"","_jetpack_dont_email_post_to_subs":false,"_jetpack_newsletter_tier_id":0,"_jetpack_memberships_contains_paywalled_content":false,"_jetpack_memberships_contains_paid_content":false,"footnotes":""},"categories":[2],"tags":[],"class_list":["post-597","post","type-post","status-publish","format-standard","has-post-thumbnail","hentry","category-politica"],"jetpack_featured_media_url":"https:\/\/www.tribunanf.com.br\/blogdoralfereis\/wp-content\/uploads\/sites\/11\/2018\/08\/xRomario2.jpg.pagespeed.ic_.4rFJwPLQxi.jpg","jetpack_sharing_enabled":true,"_links":{"self":[{"href":"https:\/\/www.tribunanf.com.br\/blogdoralfereis\/wp-json\/wp\/v2\/posts\/597","targetHints":{"allow":["GET"]}}],"collection":[{"href":"https:\/\/www.tribunanf.com.br\/blogdoralfereis\/wp-json\/wp\/v2\/posts"}],"about":[{"href":"https:\/\/www.tribunanf.com.br\/blogdoralfereis\/wp-json\/wp\/v2\/types\/post"}],"author":[{"embeddable":true,"href":"https:\/\/www.tribunanf.com.br\/blogdoralfereis\/wp-json\/wp\/v2\/users\/2"}],"replies":[{"embeddable":true,"href":"https:\/\/www.tribunanf.com.br\/blogdoralfereis\/wp-json\/wp\/v2\/comments?post=597"}],"version-history":[{"count":0,"href":"https:\/\/www.tribunanf.com.br\/blogdoralfereis\/wp-json\/wp\/v2\/posts\/597\/revisions"}],"wp:featuredmedia":[{"embeddable":true,"href":"https:\/\/www.tribunanf.com.br\/blogdoralfereis\/wp-json\/wp\/v2\/media\/598"}],"wp:attachment":[{"href":"https:\/\/www.tribunanf.com.br\/blogdoralfereis\/wp-json\/wp\/v2\/media?parent=597"}],"wp:term":[{"taxonomy":"category","embeddable":true,"href":"https:\/\/www.tribunanf.com.br\/blogdoralfereis\/wp-json\/wp\/v2\/categories?post=597"},{"taxonomy":"post_tag","embeddable":true,"href":"https:\/\/www.tribunanf.com.br\/blogdoralfereis\/wp-json\/wp\/v2\/tags?post=597"}],"curies":[{"name":"wp","href":"https:\/\/api.w.org\/{rel}","templated":true}]}}