{"id":5909,"date":"2021-01-11T19:43:23","date_gmt":"2021-01-11T22:43:23","guid":{"rendered":"https:\/\/www.tribunanf.com.br\/blogdoralfereis\/?p=5909"},"modified":"2021-01-11T19:43:23","modified_gmt":"2021-01-11T22:43:23","slug":"siprosep-convoca-assembleia-extraordinaria-para-debater-atraso-de-salarios","status":"publish","type":"post","link":"https:\/\/www.tribunanf.com.br\/blogdoralfereis\/2021\/01\/11\/siprosep-convoca-assembleia-extraordinaria-para-debater-atraso-de-salarios\/","title":{"rendered":"Siprosep convoca assembleia extraordin\u00e1ria para debater atraso de sal\u00e1rios"},"content":{"rendered":"<p><img loading=\"lazy\" decoding=\"async\" class=\"aligncenter size-full wp-image-2039\" src=\"https:\/\/www.tribunanf.com.br\/blogdoralfereis\/wp-content\/uploads\/sites\/11\/2019\/05\/siprosep.jpg\" alt=\"\" width=\"709\" height=\"531\" srcset=\"https:\/\/www.tribunanf.com.br\/blogdoralfereis\/wp-content\/uploads\/sites\/11\/2019\/05\/siprosep.jpg 709w, https:\/\/www.tribunanf.com.br\/blogdoralfereis\/wp-content\/uploads\/sites\/11\/2019\/05\/siprosep-300x225.jpg 300w\" sizes=\"auto, (max-width: 709px) 100vw, 709px\" \/><\/p>\n<p style=\"text-align: justify;\">O Sindicato dos Profissionais Servidores P\u00fablicos Municipais de Campos (Siprosep) convocou para esta ter\u00e7a-feira (12) uma assembleia geral extraordin\u00e1ria da categoria. Na pauta est\u00e3o delibera\u00e7\u00f5es acerca dos pagamentos dos funcion\u00e1rios da Prefeitura de Campos referentes ao m\u00eas de dezembro e ao 13\u00ba que n\u00e3o foram quitados na gest\u00e3o passada. Por causa da Covid-19, o encontro n\u00e3o ser\u00e1 presencial para evitar aglomera\u00e7\u00e3o. A primeira convoca\u00e7\u00e3o acontece \u00e0s 18h e a segunda, \u00e0s 19h.<\/p>\n<p style=\"text-align: justify;\">Ao assumir o governo, o prefeito Wladimir Garotinho <a href=\"https:\/\/www.tribunanf.com.br\/blogdoralfereis\/2021\/01\/06\/prefeito-wladimir-garotinho-encontra-apenas-r-29-milhoes-para-pagar-folha-de-servidor-de-r-106-milhoes\/\">encontrou apenas R$ 2,9 nas contas da prefeitura, enquanto a folha de dezembro e 13\u00ba seria de R$ 106 milh\u00f5es.<\/a><\/p>\n<p><img loading=\"lazy\" decoding=\"async\" class=\"aligncenter size-large wp-image-5910\" src=\"https:\/\/www.tribunanf.com.br\/blogdoralfereis\/wp-content\/uploads\/sites\/11\/2021\/01\/Assembleia-Siprosep-768x1024.jpg\" alt=\"\" width=\"768\" height=\"1024\" \/><\/p>\n","protected":false},"excerpt":{"rendered":"<p>O Sindicato dos Profissionais Servidores P\u00fablicos Municipais de Campos (Siprosep) convocou para esta ter\u00e7a-feira (12) uma assembleia geral extraordin\u00e1ria da&#8230;<\/p>\n","protected":false},"author":2,"featured_media":2039,"comment_status":"open","ping_status":"open","sticky":false,"template":"","format":"standard","meta":{"colormag_page_container_layout":"default_layout","colormag_page_sidebar_layout":"default_layout","jetpack_post_was_ever_published":false,"_jetpack_newsletter_access":"","_jetpack_dont_email_post_to_subs":false,"_jetpack_newsletter_tier_id":0,"_jetpack_memberships_contains_paywalled_content":false,"_jetpack_memberships_contains_paid_content":false,"footnotes":""},"categories":[2],"tags":[],"class_list":["post-5909","post","type-post","status-publish","format-standard","has-post-thumbnail","hentry","category-politica"],"jetpack_featured_media_url":"https:\/\/www.tribunanf.com.br\/blogdoralfereis\/wp-content\/uploads\/sites\/11\/2019\/05\/siprosep.jpg","jetpack_sharing_enabled":true,"_links":{"self":[{"href":"https:\/\/www.tribunanf.com.br\/blogdoralfereis\/wp-json\/wp\/v2\/posts\/5909","targetHints":{"allow":["GET"]}}],"collection":[{"href":"https:\/\/www.tribunanf.com.br\/blogdoralfereis\/wp-json\/wp\/v2\/posts"}],"about":[{"href":"https:\/\/www.tribunanf.com.br\/blogdoralfereis\/wp-json\/wp\/v2\/types\/post"}],"author":[{"embeddable":true,"href":"https:\/\/www.tribunanf.com.br\/blogdoralfereis\/wp-json\/wp\/v2\/users\/2"}],"replies":[{"embeddable":true,"href":"https:\/\/www.tribunanf.com.br\/blogdoralfereis\/wp-json\/wp\/v2\/comments?post=5909"}],"version-history":[{"count":0,"href":"https:\/\/www.tribunanf.com.br\/blogdoralfereis\/wp-json\/wp\/v2\/posts\/5909\/revisions"}],"wp:featuredmedia":[{"embeddable":true,"href":"https:\/\/www.tribunanf.com.br\/blogdoralfereis\/wp-json\/wp\/v2\/media\/2039"}],"wp:attachment":[{"href":"https:\/\/www.tribunanf.com.br\/blogdoralfereis\/wp-json\/wp\/v2\/media?parent=5909"}],"wp:term":[{"taxonomy":"category","embeddable":true,"href":"https:\/\/www.tribunanf.com.br\/blogdoralfereis\/wp-json\/wp\/v2\/categories?post=5909"},{"taxonomy":"post_tag","embeddable":true,"href":"https:\/\/www.tribunanf.com.br\/blogdoralfereis\/wp-json\/wp\/v2\/tags?post=5909"}],"curies":[{"name":"wp","href":"https:\/\/api.w.org\/{rel}","templated":true}]}}