{"id":5904,"date":"2021-01-11T15:46:22","date_gmt":"2021-01-11T18:46:22","guid":{"rendered":"https:\/\/www.tribunanf.com.br\/blogdoralfereis\/?p=5904"},"modified":"2021-01-11T15:46:22","modified_gmt":"2021-01-11T18:46:22","slug":"alexandre-de-moraes-mantem-suspenso-interrogatorio-de-witzel-no-impeachment","status":"publish","type":"post","link":"https:\/\/www.tribunanf.com.br\/blogdoralfereis\/2021\/01\/11\/alexandre-de-moraes-mantem-suspenso-interrogatorio-de-witzel-no-impeachment\/","title":{"rendered":"Alexandre de Moraes mant\u00e9m suspenso interrogat\u00f3rio de Witzel no impeachment"},"content":{"rendered":"<p><img loading=\"lazy\" decoding=\"async\" class=\"aligncenter size-large wp-image-2714\" src=\"https:\/\/www.tribunanf.com.br\/blogdoralfereis\/wp-content\/uploads\/sites\/11\/2019\/09\/witzel-1024x615.jpg\" alt=\"\" width=\"800\" height=\"480\" srcset=\"https:\/\/www.tribunanf.com.br\/blogdoralfereis\/wp-content\/uploads\/sites\/11\/2019\/09\/witzel-1024x615.jpg 1024w, https:\/\/www.tribunanf.com.br\/blogdoralfereis\/wp-content\/uploads\/sites\/11\/2019\/09\/witzel-300x180.jpg 300w, https:\/\/www.tribunanf.com.br\/blogdoralfereis\/wp-content\/uploads\/sites\/11\/2019\/09\/witzel-768x461.jpg 768w, https:\/\/www.tribunanf.com.br\/blogdoralfereis\/wp-content\/uploads\/sites\/11\/2019\/09\/witzel.jpg 1086w\" sizes=\"auto, (max-width: 800px) 100vw, 800px\" \/><\/p>\n<p style=\"text-align: justify;\">O ministro Alexandre de Moraes, do Supremo Tribunal Federal, negou um pedido do deputado Luiz Paulo Corr\u00eaa da Rocha, que pedia para revogar a decis\u00e3o que suspendeu o interrogat\u00f3rio do governador afastado Wilson Witzel no processo de impeachment.<\/p>\n<p>Luiz Paulo \u00e9 integrante do Tribunal Misto Especial do impeachment.<\/p>\n<p style=\"text-align: justify;\">Moraes concedeu uma Reclama\u00e7\u00e3o impetrada pela defesa de Witzel para suspender o interrogat\u00f3rio que ocorreria em 28 de dezembro.<\/p>\n<p style=\"text-align: justify;\">Na decis\u00e3o publicada nesta segunda-feira (11), o ministro n\u00e3o conheceu o recurso de Luiz Paulo e determinou o prosseguimento do cumprimento da liminar concedida a Witzel.<\/p>\n<p style=\"text-align: justify;\">&#8220;(&#8230;) n\u00e3o conhe\u00e7o da impugna\u00e7\u00e3o apresentada por Luiz Paulo Correa da Rocha (doc. 48). Prossiga-se no cumprimento da decis\u00e3o monocr\u00e1tica, com a vinda das informa\u00e7\u00f5es requisitadas \u00e0 autoridade reclamada e a remessa dos autos \u00e0 Procuradoria-Geral da Rep\u00fablica. Publique-se.&#8221;, determinou Moraes.<\/p>\n<p style=\"text-align: justify;\">Na \u00faltima semana, outro recurso do deputado Luiz Paulo foi negado pela vice-presidente do STF, ministra Rosa Weber, que manteve a decis\u00e3o do ministro Alexandre de Moraes.<\/p>\n<p style=\"text-align: justify;\">As \u00faltimas decis\u00f5es t\u00eam deixado o governador afastado bem animado.<\/p>\n<p style=\"text-align: justify;\">Leia tamb\u00e9m: <a href=\"https:\/\/www.tribunanf.com.br\/ministra-rosa-weber-mantem-suspensao-de-interrogatorio-de-witzel\/\">Ministra Rosa Weber mant\u00e9m suspens\u00e3o de interrogat\u00f3rio de Witzel<\/a><\/p>\n<p style=\"text-align: justify;\"><a title=\"STF suspende interrogat\u00f3rio de Witzel no processo de impeachment\" href=\"https:\/\/www.tribunanf.com.br\/stf-suspende-interrogatorio-de-witzel-no-processo-de-impeachment\/\">STF suspende interrogat\u00f3rio de Witzel no processo de impeachment<\/a><\/p>\n","protected":false},"excerpt":{"rendered":"<p>O ministro Alexandre de Moraes, do Supremo Tribunal Federal, negou um pedido do deputado Luiz Paulo Corr\u00eaa da Rocha, que&#8230;<\/p>\n","protected":false},"author":2,"featured_media":2714,"comment_status":"open","ping_status":"open","sticky":false,"template":"","format":"standard","meta":{"colormag_page_container_layout":"default_layout","colormag_page_sidebar_layout":"default_layout","jetpack_post_was_ever_published":false,"_jetpack_newsletter_access":"","_jetpack_dont_email_post_to_subs":false,"_jetpack_newsletter_tier_id":0,"_jetpack_memberships_contains_paywalled_content":false,"_jetpack_memberships_contains_paid_content":false,"footnotes":""},"categories":[2],"tags":[],"class_list":["post-5904","post","type-post","status-publish","format-standard","has-post-thumbnail","hentry","category-politica"],"jetpack_featured_media_url":"https:\/\/www.tribunanf.com.br\/blogdoralfereis\/wp-content\/uploads\/sites\/11\/2019\/09\/witzel.jpg","jetpack_sharing_enabled":true,"_links":{"self":[{"href":"https:\/\/www.tribunanf.com.br\/blogdoralfereis\/wp-json\/wp\/v2\/posts\/5904","targetHints":{"allow":["GET"]}}],"collection":[{"href":"https:\/\/www.tribunanf.com.br\/blogdoralfereis\/wp-json\/wp\/v2\/posts"}],"about":[{"href":"https:\/\/www.tribunanf.com.br\/blogdoralfereis\/wp-json\/wp\/v2\/types\/post"}],"author":[{"embeddable":true,"href":"https:\/\/www.tribunanf.com.br\/blogdoralfereis\/wp-json\/wp\/v2\/users\/2"}],"replies":[{"embeddable":true,"href":"https:\/\/www.tribunanf.com.br\/blogdoralfereis\/wp-json\/wp\/v2\/comments?post=5904"}],"version-history":[{"count":0,"href":"https:\/\/www.tribunanf.com.br\/blogdoralfereis\/wp-json\/wp\/v2\/posts\/5904\/revisions"}],"wp:featuredmedia":[{"embeddable":true,"href":"https:\/\/www.tribunanf.com.br\/blogdoralfereis\/wp-json\/wp\/v2\/media\/2714"}],"wp:attachment":[{"href":"https:\/\/www.tribunanf.com.br\/blogdoralfereis\/wp-json\/wp\/v2\/media?parent=5904"}],"wp:term":[{"taxonomy":"category","embeddable":true,"href":"https:\/\/www.tribunanf.com.br\/blogdoralfereis\/wp-json\/wp\/v2\/categories?post=5904"},{"taxonomy":"post_tag","embeddable":true,"href":"https:\/\/www.tribunanf.com.br\/blogdoralfereis\/wp-json\/wp\/v2\/tags?post=5904"}],"curies":[{"name":"wp","href":"https:\/\/api.w.org\/{rel}","templated":true}]}}