{"id":5890,"date":"2021-01-09T10:17:15","date_gmt":"2021-01-09T13:17:15","guid":{"rendered":"https:\/\/www.tribunanf.com.br\/blogdoralfereis\/?p=5890"},"modified":"2021-01-09T10:17:15","modified_gmt":"2021-01-09T13:17:15","slug":"claudio-castro-defende-reeleicao-de-ceciliano-na-presidencia-da-alerj","status":"publish","type":"post","link":"https:\/\/www.tribunanf.com.br\/blogdoralfereis\/2021\/01\/09\/claudio-castro-defende-reeleicao-de-ceciliano-na-presidencia-da-alerj\/","title":{"rendered":"Cl\u00e1udio Castro defende reelei\u00e7\u00e3o de Ceciliano na presid\u00eancia da Alerj"},"content":{"rendered":"<p><img loading=\"lazy\" decoding=\"async\" class=\"aligncenter size-full wp-image-5891\" src=\"https:\/\/www.tribunanf.com.br\/blogdoralfereis\/wp-content\/uploads\/sites\/11\/2021\/01\/castro-e-ceciliano.jpeg\" alt=\"\" width=\"683\" height=\"384\" srcset=\"https:\/\/www.tribunanf.com.br\/blogdoralfereis\/wp-content\/uploads\/sites\/11\/2021\/01\/castro-e-ceciliano.jpeg 683w, https:\/\/www.tribunanf.com.br\/blogdoralfereis\/wp-content\/uploads\/sites\/11\/2021\/01\/castro-e-ceciliano-300x169.jpeg 300w\" sizes=\"auto, (max-width: 683px) 100vw, 683px\" \/><\/p>\n<p style=\"text-align: justify;\">Em entrevista ao Jogo do Poder, o governador Cl\u00e1udio Castro manifestou apoio \u00e0 reelei\u00e7\u00e3o do deputado Andr\u00e9 Ceciliano \u00e0 Presid\u00eancia da Alerj. De acordo com Castro, a perman\u00eancia de Ceciliano \u00e0 frente do parlamento \u00e9 essencial para a manuten\u00e7\u00e3o da harmonia entre os poderes, que, segundo ele, tem sido fundamental para administra\u00e7\u00e3o estadual, informa o Agenda do Poder.<\/p>\n<p style=\"text-align: justify;\">&#8211; O deputado Andr\u00e9 Ceciliano \u00e9 nosso parceiro no parlamento, sempre pronto a ajudar quando o que est\u00e1 em jogo \u00e9 o interesse p\u00fablico. Recentemente, conseguimos recuperar mais de R$ 2 bilh\u00f5es de cr\u00e9ditos tribut\u00e1rios junto \u00e0 Petrobras por conta da a\u00e7\u00e3o r\u00e1pida e eficiente da Alerj com aprova\u00e7\u00e3o de projeto que permitiu a opera\u00e7\u00e3o. \u00c9 muito importante que ele continue na presid\u00eancia &#8211; elogiou Castro.<\/p>\n<p style=\"text-align: justify;\">A elei\u00e7\u00e3o para a presid\u00eancia da Mesa Diretora da Alerj ocorrer\u00e1 em 2 de fevereiro.<\/p>\n","protected":false},"excerpt":{"rendered":"<p>Em entrevista ao Jogo do Poder, o governador Cl\u00e1udio Castro manifestou apoio \u00e0 reelei\u00e7\u00e3o do deputado Andr\u00e9 Ceciliano \u00e0 Presid\u00eancia&#8230;<\/p>\n","protected":false},"author":2,"featured_media":5891,"comment_status":"open","ping_status":"open","sticky":false,"template":"","format":"standard","meta":{"colormag_page_container_layout":"default_layout","colormag_page_sidebar_layout":"default_layout","jetpack_post_was_ever_published":false,"_jetpack_newsletter_access":"","_jetpack_dont_email_post_to_subs":false,"_jetpack_newsletter_tier_id":0,"_jetpack_memberships_contains_paywalled_content":false,"_jetpack_memberships_contains_paid_content":false,"footnotes":""},"categories":[2],"tags":[],"class_list":["post-5890","post","type-post","status-publish","format-standard","has-post-thumbnail","hentry","category-politica"],"jetpack_featured_media_url":"https:\/\/www.tribunanf.com.br\/blogdoralfereis\/wp-content\/uploads\/sites\/11\/2021\/01\/castro-e-ceciliano.jpeg","jetpack_sharing_enabled":true,"_links":{"self":[{"href":"https:\/\/www.tribunanf.com.br\/blogdoralfereis\/wp-json\/wp\/v2\/posts\/5890","targetHints":{"allow":["GET"]}}],"collection":[{"href":"https:\/\/www.tribunanf.com.br\/blogdoralfereis\/wp-json\/wp\/v2\/posts"}],"about":[{"href":"https:\/\/www.tribunanf.com.br\/blogdoralfereis\/wp-json\/wp\/v2\/types\/post"}],"author":[{"embeddable":true,"href":"https:\/\/www.tribunanf.com.br\/blogdoralfereis\/wp-json\/wp\/v2\/users\/2"}],"replies":[{"embeddable":true,"href":"https:\/\/www.tribunanf.com.br\/blogdoralfereis\/wp-json\/wp\/v2\/comments?post=5890"}],"version-history":[{"count":0,"href":"https:\/\/www.tribunanf.com.br\/blogdoralfereis\/wp-json\/wp\/v2\/posts\/5890\/revisions"}],"wp:featuredmedia":[{"embeddable":true,"href":"https:\/\/www.tribunanf.com.br\/blogdoralfereis\/wp-json\/wp\/v2\/media\/5891"}],"wp:attachment":[{"href":"https:\/\/www.tribunanf.com.br\/blogdoralfereis\/wp-json\/wp\/v2\/media?parent=5890"}],"wp:term":[{"taxonomy":"category","embeddable":true,"href":"https:\/\/www.tribunanf.com.br\/blogdoralfereis\/wp-json\/wp\/v2\/categories?post=5890"},{"taxonomy":"post_tag","embeddable":true,"href":"https:\/\/www.tribunanf.com.br\/blogdoralfereis\/wp-json\/wp\/v2\/tags?post=5890"}],"curies":[{"name":"wp","href":"https:\/\/api.w.org\/{rel}","templated":true}]}}