{"id":5867,"date":"2021-01-07T13:34:06","date_gmt":"2021-01-07T16:34:06","guid":{"rendered":"https:\/\/www.tribunanf.com.br\/blogdoralfereis\/?p=5867"},"modified":"2021-01-07T13:34:06","modified_gmt":"2021-01-07T16:34:06","slug":"wladimir-envia-a-camara-pl-de-calamidade-fiscal-e-financeira","status":"publish","type":"post","link":"https:\/\/www.tribunanf.com.br\/blogdoralfereis\/2021\/01\/07\/wladimir-envia-a-camara-pl-de-calamidade-fiscal-e-financeira\/","title":{"rendered":"Wladimir envia \u00e0 C\u00e2mara PL de calamidade Fiscal e Financeira"},"content":{"rendered":"<p><img loading=\"lazy\" decoding=\"async\" class=\"aligncenter size-full wp-image-5868\" src=\"https:\/\/www.tribunanf.com.br\/blogdoralfereis\/wp-content\/uploads\/sites\/11\/2021\/01\/wlad-1.jpg\" alt=\"\" width=\"808\" height=\"540\" srcset=\"https:\/\/www.tribunanf.com.br\/blogdoralfereis\/wp-content\/uploads\/sites\/11\/2021\/01\/wlad-1.jpg 808w, https:\/\/www.tribunanf.com.br\/blogdoralfereis\/wp-content\/uploads\/sites\/11\/2021\/01\/wlad-1-300x200.jpg 300w, https:\/\/www.tribunanf.com.br\/blogdoralfereis\/wp-content\/uploads\/sites\/11\/2021\/01\/wlad-1-768x513.jpg 768w\" sizes=\"auto, (max-width: 808px) 100vw, 808px\" \/><\/p>\n<p style=\"text-align: justify;\">O prefeito de Campos dos Goytacazes Wladimir Garotinho informou, nesta quinta-feira (7), que enviou \u00e0 C\u00e2mara Municipal um pedido de sess\u00e3o extraordin\u00e1ria para vota\u00e7\u00e3o de um projeto de lei de calamidade fiscal e financeira.<\/p>\n<p style=\"text-align: justify;\">&#8220;Estamos encaminhando a C\u00e2mara de Vereadores pedido de sess\u00e3o extraordin\u00e1ria para aprova\u00e7\u00e3o de um PL de calamidade fiscal e financeira. Todos juntos e empenhados para consertar a bagun\u00e7a, irresponsabilidade e falta de car\u00e1ter dos que sa\u00edram pela porta dos fundos.&#8221;, disse Wladimir.<\/p>\n<p style=\"text-align: justify;\">A C\u00e2mara j\u00e1 convocou os vereadores para sess\u00e3o extraordin\u00e1ria nesta sexta-feira (8), \u00e0s 14h.<\/p>\n<p style=\"text-align: justify;\">Ontem, Wladimir informou que havia apenas R4 2,9 milh\u00f5es em caixa para pagamento de servidor, enquanto a folha de dezembro e o 13\u00ba custam R$ 106 milh\u00f5es.<\/p>\n<p style=\"text-align: justify;\">Leia tamb\u00e9m:\u00a0<a title=\"Prefeito Wladimir Garotinho encontra apenas R$ 2,9 milh\u00f5es para pagar folha de servidor de R$ 106 milh\u00f5es\" href=\"https:\/\/www.tribunanf.com.br\/blogdoralfereis\/2021\/01\/06\/prefeito-wladimir-garotinho-encontra-apenas-r-29-milhoes-para-pagar-folha-de-servidor-de-r-106-milhoes\/\">Prefeito Wladimir Garotinho encontra apenas R$ 2,9 milh\u00f5es para pagar folha de servidor de R$ 106 milh\u00f5es<\/a><\/p>\n","protected":false},"excerpt":{"rendered":"<p>O prefeito de Campos dos Goytacazes Wladimir Garotinho informou, nesta quinta-feira (7), que enviou \u00e0 C\u00e2mara Municipal um pedido de&#8230;<\/p>\n","protected":false},"author":2,"featured_media":5868,"comment_status":"open","ping_status":"open","sticky":false,"template":"","format":"standard","meta":{"colormag_page_container_layout":"default_layout","colormag_page_sidebar_layout":"default_layout","jetpack_post_was_ever_published":false,"_jetpack_newsletter_access":"","_jetpack_dont_email_post_to_subs":false,"_jetpack_newsletter_tier_id":0,"_jetpack_memberships_contains_paywalled_content":false,"_jetpack_memberships_contains_paid_content":false,"footnotes":""},"categories":[2],"tags":[],"class_list":["post-5867","post","type-post","status-publish","format-standard","has-post-thumbnail","hentry","category-politica"],"jetpack_featured_media_url":"https:\/\/www.tribunanf.com.br\/blogdoralfereis\/wp-content\/uploads\/sites\/11\/2021\/01\/wlad-1.jpg","jetpack_sharing_enabled":true,"_links":{"self":[{"href":"https:\/\/www.tribunanf.com.br\/blogdoralfereis\/wp-json\/wp\/v2\/posts\/5867","targetHints":{"allow":["GET"]}}],"collection":[{"href":"https:\/\/www.tribunanf.com.br\/blogdoralfereis\/wp-json\/wp\/v2\/posts"}],"about":[{"href":"https:\/\/www.tribunanf.com.br\/blogdoralfereis\/wp-json\/wp\/v2\/types\/post"}],"author":[{"embeddable":true,"href":"https:\/\/www.tribunanf.com.br\/blogdoralfereis\/wp-json\/wp\/v2\/users\/2"}],"replies":[{"embeddable":true,"href":"https:\/\/www.tribunanf.com.br\/blogdoralfereis\/wp-json\/wp\/v2\/comments?post=5867"}],"version-history":[{"count":0,"href":"https:\/\/www.tribunanf.com.br\/blogdoralfereis\/wp-json\/wp\/v2\/posts\/5867\/revisions"}],"wp:featuredmedia":[{"embeddable":true,"href":"https:\/\/www.tribunanf.com.br\/blogdoralfereis\/wp-json\/wp\/v2\/media\/5868"}],"wp:attachment":[{"href":"https:\/\/www.tribunanf.com.br\/blogdoralfereis\/wp-json\/wp\/v2\/media?parent=5867"}],"wp:term":[{"taxonomy":"category","embeddable":true,"href":"https:\/\/www.tribunanf.com.br\/blogdoralfereis\/wp-json\/wp\/v2\/categories?post=5867"},{"taxonomy":"post_tag","embeddable":true,"href":"https:\/\/www.tribunanf.com.br\/blogdoralfereis\/wp-json\/wp\/v2\/tags?post=5867"}],"curies":[{"name":"wp","href":"https:\/\/api.w.org\/{rel}","templated":true}]}}