{"id":5848,"date":"2021-01-06T08:18:35","date_gmt":"2021-01-06T11:18:35","guid":{"rendered":"https:\/\/www.tribunanf.com.br\/blogdoralfereis\/?p=5848"},"modified":"2021-01-06T08:18:35","modified_gmt":"2021-01-06T11:18:35","slug":"prefeito-wladimir-garotinho-encontra-apenas-r-29-milhoes-para-pagar-folha-de-servidor-de-r-106-milhoes","status":"publish","type":"post","link":"https:\/\/www.tribunanf.com.br\/blogdoralfereis\/2021\/01\/06\/prefeito-wladimir-garotinho-encontra-apenas-r-29-milhoes-para-pagar-folha-de-servidor-de-r-106-milhoes\/","title":{"rendered":"Prefeito Wladimir Garotinho encontra apenas R$ 2,9 milh\u00f5es para pagar folha de servidor de R$ 106 milh\u00f5es"},"content":{"rendered":"<p><img loading=\"lazy\" decoding=\"async\" class=\"aligncenter  wp-image-5849\" src=\"https:\/\/www.tribunanf.com.br\/blogdoralfereis\/wp-content\/uploads\/sites\/11\/2021\/01\/wlad.jpg\" alt=\"\" width=\"569\" height=\"569\" \/><\/p>\n<p style=\"text-align: justify;\">O prefeito de Campos Wladimir Garotinho emitiu nota oficial, na manh\u00e3 desta quarta-feira (6), informando que foram encontrados R$ 2,9 milh\u00f5es nos cofres da Prefeitura, tendo que pagar na pr\u00f3xima sexta-feira (08) o sal\u00e1rio de dezembro e o 13\u00ba sal\u00e1rio dos servidores que totalizam o valor de R$ 106 milh\u00f5es.<\/p>\n<p style=\"text-align: justify;\">&#8220;Querido povo campista,<\/p>\n<p style=\"text-align: justify;\">somente ontem consegui ter uma no\u00e7\u00e3o preliminar dos n\u00fameros da prefeitura. Agora tenho mais certeza do que nunca: n\u00e3o era s\u00f3 incompet\u00eancia, era tamb\u00e9m falta de car\u00e1ter.<br \/>\nDestru\u00edram os sistemas de controle interno, maquiaram os n\u00fameros nas presta\u00e7\u00f5es de contas ao tribunal, pagaram e reconheceram d\u00edvidas dos amigos do poder no apagar das luzes. Deixaram de pagar parte do 13\u00ba e o sal\u00e1rio de dezembro, somando 106 milh\u00f5es de d\u00edvidas com os servidores, mas s\u00f3 encontramos 2,9 milh\u00f5es dispon\u00edveis para honrar tal compromisso.<br \/>\nEstou a caminho do Rio de Janeiro onde vou me reunir com t\u00e9cnicos do TCE e da Secretaria Estadual de Fazenda para mostrar os problemas e buscar alternativas.<br \/>\nTeremos dias dif\u00edceis, mas voc\u00eas n\u00e3o estar\u00e3o sozinhos. A cidade de Campos agora tem um l\u00edder que n\u00e3o vai se esconder diante das dificuldades.&#8221;, informou Wladimir Garotinho.<\/p>\n<p><iframe loading=\"lazy\" style=\"border: none; overflow: hidden;\" src=\"https:\/\/www.facebook.com\/plugins\/post.php?href=https%3A%2F%2Fwww.facebook.com%2Fwladimirgarotinhoo%2Fphotos%2Fa.290205067781029%2F2101964719938379%2F&amp;width=500&amp;show_text=true&amp;height=558&amp;appId\" width=\"500\" height=\"558\" frameborder=\"0\" scrolling=\"no\" allowfullscreen=\"allowfullscreen\"><\/iframe><\/p>\n","protected":false},"excerpt":{"rendered":"<p>O prefeito de Campos Wladimir Garotinho emitiu nota oficial, na manh\u00e3 desta quarta-feira (6), informando que foram encontrados R$ 2,9&#8230;<\/p>\n","protected":false},"author":2,"featured_media":5849,"comment_status":"open","ping_status":"open","sticky":false,"template":"","format":"standard","meta":{"colormag_page_container_layout":"default_layout","colormag_page_sidebar_layout":"default_layout","jetpack_post_was_ever_published":false,"_jetpack_newsletter_access":"","_jetpack_dont_email_post_to_subs":false,"_jetpack_newsletter_tier_id":0,"_jetpack_memberships_contains_paywalled_content":false,"_jetpack_memberships_contains_paid_content":false,"footnotes":""},"categories":[2],"tags":[],"class_list":["post-5848","post","type-post","status-publish","format-standard","has-post-thumbnail","hentry","category-politica"],"jetpack_featured_media_url":"https:\/\/www.tribunanf.com.br\/blogdoralfereis\/wp-content\/uploads\/sites\/11\/2021\/01\/wlad-e1609931887607.jpg","jetpack_sharing_enabled":true,"_links":{"self":[{"href":"https:\/\/www.tribunanf.com.br\/blogdoralfereis\/wp-json\/wp\/v2\/posts\/5848","targetHints":{"allow":["GET"]}}],"collection":[{"href":"https:\/\/www.tribunanf.com.br\/blogdoralfereis\/wp-json\/wp\/v2\/posts"}],"about":[{"href":"https:\/\/www.tribunanf.com.br\/blogdoralfereis\/wp-json\/wp\/v2\/types\/post"}],"author":[{"embeddable":true,"href":"https:\/\/www.tribunanf.com.br\/blogdoralfereis\/wp-json\/wp\/v2\/users\/2"}],"replies":[{"embeddable":true,"href":"https:\/\/www.tribunanf.com.br\/blogdoralfereis\/wp-json\/wp\/v2\/comments?post=5848"}],"version-history":[{"count":0,"href":"https:\/\/www.tribunanf.com.br\/blogdoralfereis\/wp-json\/wp\/v2\/posts\/5848\/revisions"}],"wp:featuredmedia":[{"embeddable":true,"href":"https:\/\/www.tribunanf.com.br\/blogdoralfereis\/wp-json\/wp\/v2\/media\/5849"}],"wp:attachment":[{"href":"https:\/\/www.tribunanf.com.br\/blogdoralfereis\/wp-json\/wp\/v2\/media?parent=5848"}],"wp:term":[{"taxonomy":"category","embeddable":true,"href":"https:\/\/www.tribunanf.com.br\/blogdoralfereis\/wp-json\/wp\/v2\/categories?post=5848"},{"taxonomy":"post_tag","embeddable":true,"href":"https:\/\/www.tribunanf.com.br\/blogdoralfereis\/wp-json\/wp\/v2\/tags?post=5848"}],"curies":[{"name":"wp","href":"https:\/\/api.w.org\/{rel}","templated":true}]}}