{"id":5846,"date":"2021-01-05T15:48:33","date_gmt":"2021-01-05T18:48:33","guid":{"rendered":"https:\/\/www.tribunanf.com.br\/blogdoralfereis\/?p=5846"},"modified":"2021-01-05T15:48:33","modified_gmt":"2021-01-05T18:48:33","slug":"claudio-castro-se-reune-com-indicados-para-chefiar-mp","status":"publish","type":"post","link":"https:\/\/www.tribunanf.com.br\/blogdoralfereis\/2021\/01\/05\/claudio-castro-se-reune-com-indicados-para-chefiar-mp\/","title":{"rendered":"Cl\u00e1udio Castro se re\u00fane com indicados para chefiar MP"},"content":{"rendered":"<p><img loading=\"lazy\" decoding=\"async\" class=\"aligncenter size-large wp-image-4901\" src=\"https:\/\/www.tribunanf.com.br\/blogdoralfereis\/wp-content\/uploads\/sites\/11\/2020\/09\/claudio-castro-2-1024x615.jpg\" alt=\"\" width=\"800\" height=\"480\" srcset=\"https:\/\/www.tribunanf.com.br\/blogdoralfereis\/wp-content\/uploads\/sites\/11\/2020\/09\/claudio-castro-2-1024x615.jpg 1024w, https:\/\/www.tribunanf.com.br\/blogdoralfereis\/wp-content\/uploads\/sites\/11\/2020\/09\/claudio-castro-2-300x180.jpg 300w, https:\/\/www.tribunanf.com.br\/blogdoralfereis\/wp-content\/uploads\/sites\/11\/2020\/09\/claudio-castro-2-768x461.jpg 768w, https:\/\/www.tribunanf.com.br\/blogdoralfereis\/wp-content\/uploads\/sites\/11\/2020\/09\/claudio-castro-2.jpg 1086w\" sizes=\"auto, (max-width: 800px) 100vw, 800px\" \/><\/p>\n<p style=\"text-align: justify;\">O governador em exerc\u00edcio do Rio, Cl\u00e1udio Castro (PSC), pretende, at\u00e9 quarta-feira, 6, se reunir com os tr\u00eas mais votados na elei\u00e7\u00e3o interna para assumir o Minist\u00e9rio P\u00fablico do Rio (MP-RJ). A realiza\u00e7\u00e3o de audi\u00eancias com os candidatos \u00e9 incomum. Nos \u00faltimos anos, o nome mais votado da lista tr\u00edplice elaborada pela categoria foi o escolhido. O an\u00fancio deve ser feito por Castro at\u00e9 sexta-feira (8).<\/p>\n<p style=\"text-align: justify;\">A lista \u00e9 encabe\u00e7ada por Luciano Mattos, que recebeu 32% dos votos. Para apoiar a indica\u00e7\u00e3o do mais votado, os outros relacionados, Leila Costa e Virg\u00edlio Stravidis, se comprometeram a n\u00e3o aceitar uma eventual indica\u00e7\u00e3o do governador. Castro j\u00e1 indicou, por\u00e9m, que se algum dos escolhidos &#8220;renunciar&#8221; poder\u00e1 &#8220;puxar&#8221; para a lista tr\u00edplice o quarto colocado, Marcelo Rocha Monteiro, abertamente bolsonarista. A Constitui\u00e7\u00e3o Estadual obriga o governador a escolher um nome entre os tr\u00eas mais votados.<\/p>\n<p style=\"text-align: justify;\">A escolha no novo procurador-geral tem provocado cobran\u00e7as a Castro, aliado da fam\u00edlia do presidente Jair Bolsonaro, cujos filhos Fl\u00e1vio e Carlos s\u00e3o investigados pela Promotoria. No fim de semana passado, Bolsonaro citou, na internet, um hipot\u00e9tico flagrante por tr\u00e1fico de drogas contra o filho de um promotor. &#8220;O que aconteceria, MP do Rio de Janeiro? Voc\u00eas aprofundariam a investiga\u00e7\u00e3o ou mandariam o filho dessa autoridade para fora do Brasil e procurariam maneira de arquivar esse inqu\u00e9rito?&#8221;<\/p>\n<p style=\"text-align: justify;\">Promotores e procuradores queriam uma resposta do atual procurador-geral de Justi\u00e7a, Jos\u00e9 Eduardo Gussem, mas ela n\u00e3o veio. Cauteloso, o chefe do MP pouco apareceu durante o per\u00edodo da sucess\u00e3o.<\/p>\n<p style=\"text-align: justify;\">Apura\u00e7\u00f5es<\/p>\n<p style=\"text-align: justify;\">O sucessor de Gussem herdar\u00e1 investiga\u00e7\u00f5es sens\u00edveis para Bolsonaro. O senador e ex-deputado estadual Fl\u00e1vio Bolsonaro (Republicanos-RJ) foi denunciado por peculato, lavagem de dinheiro e organiza\u00e7\u00e3o criminosa no caso das &#8220;rachadinhas&#8221;. O vereador Carlos Bolsonaro (Republicanos) tamb\u00e9m \u00e9 investigado por peculato. A fam\u00edlia Bolsonaro nega irregularidades. Alega persegui\u00e7\u00e3o de advers\u00e1rios para rebater as acusa\u00e7\u00f5es.<\/p>\n<p style=\"text-align: justify;\">O pr\u00f3prio Cl\u00e1udio Castro, que assumiu o governo ap\u00f3s o afastamento de Wilson Witzel (PSC), tamb\u00e9m tem problemas com o MP. Um v\u00eddeo em que o ent\u00e3o vice-governador se encontra com um empres\u00e1rio foi usado pelo delator Bruno Campos Selem para alegar que ele estava recebendo propina de R$ 100 mil por contratos da Funda\u00e7\u00e3o Le\u00e3o XIII. O \u00f3rg\u00e3o presta assist\u00eancia social no Estado. Ele nega.<\/p>\n<p style=\"text-align: justify;\">Estad\u00e3o Conte\u00fado*<\/p>\n","protected":false},"excerpt":{"rendered":"<p>O governador em exerc\u00edcio do Rio, Cl\u00e1udio Castro (PSC), pretende, at\u00e9 quarta-feira, 6, se reunir com os tr\u00eas mais votados&#8230;<\/p>\n","protected":false},"author":2,"featured_media":4901,"comment_status":"open","ping_status":"open","sticky":false,"template":"","format":"standard","meta":{"colormag_page_container_layout":"default_layout","colormag_page_sidebar_layout":"default_layout","jetpack_post_was_ever_published":false,"_jetpack_newsletter_access":"","_jetpack_dont_email_post_to_subs":false,"_jetpack_newsletter_tier_id":0,"_jetpack_memberships_contains_paywalled_content":false,"_jetpack_memberships_contains_paid_content":false,"footnotes":""},"categories":[2],"tags":[],"class_list":["post-5846","post","type-post","status-publish","format-standard","has-post-thumbnail","hentry","category-politica"],"jetpack_featured_media_url":"https:\/\/www.tribunanf.com.br\/blogdoralfereis\/wp-content\/uploads\/sites\/11\/2020\/09\/claudio-castro-2.jpg","jetpack_sharing_enabled":true,"_links":{"self":[{"href":"https:\/\/www.tribunanf.com.br\/blogdoralfereis\/wp-json\/wp\/v2\/posts\/5846","targetHints":{"allow":["GET"]}}],"collection":[{"href":"https:\/\/www.tribunanf.com.br\/blogdoralfereis\/wp-json\/wp\/v2\/posts"}],"about":[{"href":"https:\/\/www.tribunanf.com.br\/blogdoralfereis\/wp-json\/wp\/v2\/types\/post"}],"author":[{"embeddable":true,"href":"https:\/\/www.tribunanf.com.br\/blogdoralfereis\/wp-json\/wp\/v2\/users\/2"}],"replies":[{"embeddable":true,"href":"https:\/\/www.tribunanf.com.br\/blogdoralfereis\/wp-json\/wp\/v2\/comments?post=5846"}],"version-history":[{"count":0,"href":"https:\/\/www.tribunanf.com.br\/blogdoralfereis\/wp-json\/wp\/v2\/posts\/5846\/revisions"}],"wp:featuredmedia":[{"embeddable":true,"href":"https:\/\/www.tribunanf.com.br\/blogdoralfereis\/wp-json\/wp\/v2\/media\/4901"}],"wp:attachment":[{"href":"https:\/\/www.tribunanf.com.br\/blogdoralfereis\/wp-json\/wp\/v2\/media?parent=5846"}],"wp:term":[{"taxonomy":"category","embeddable":true,"href":"https:\/\/www.tribunanf.com.br\/blogdoralfereis\/wp-json\/wp\/v2\/categories?post=5846"},{"taxonomy":"post_tag","embeddable":true,"href":"https:\/\/www.tribunanf.com.br\/blogdoralfereis\/wp-json\/wp\/v2\/tags?post=5846"}],"curies":[{"name":"wp","href":"https:\/\/api.w.org\/{rel}","templated":true}]}}