{"id":5840,"date":"2021-01-05T09:21:21","date_gmt":"2021-01-05T12:21:21","guid":{"rendered":"https:\/\/www.tribunanf.com.br\/blogdoralfereis\/?p=5840"},"modified":"2021-01-05T11:18:25","modified_gmt":"2021-01-05T14:18:25","slug":"mais-do-mesmo-wladimir-mantem-presidente-da-fundacao-de-esportes-da-gestao-rafael-diniz","status":"publish","type":"post","link":"https:\/\/www.tribunanf.com.br\/blogdoralfereis\/2021\/01\/05\/mais-do-mesmo-wladimir-mantem-presidente-da-fundacao-de-esportes-da-gestao-rafael-diniz\/","title":{"rendered":"Mais do mesmo: Wladimir mant\u00e9m presidente da Funda\u00e7\u00e3o de Esportes da gest\u00e3o Rafael Diniz"},"content":{"rendered":"<figure id=\"attachment_5242\" aria-describedby=\"caption-attachment-5242\" style=\"width: 589px\" class=\"wp-caption aligncenter\"><img loading=\"lazy\" decoding=\"async\" class=\"size-full wp-image-5242\" src=\"https:\/\/www.tribunanf.com.br\/blogdoralfereis\/wp-content\/uploads\/sites\/11\/2020\/10\/wlad-e-rafa.png\" alt=\"\" width=\"589\" height=\"546\" srcset=\"https:\/\/www.tribunanf.com.br\/blogdoralfereis\/wp-content\/uploads\/sites\/11\/2020\/10\/wlad-e-rafa.png 589w, https:\/\/www.tribunanf.com.br\/blogdoralfereis\/wp-content\/uploads\/sites\/11\/2020\/10\/wlad-e-rafa-300x278.png 300w\" sizes=\"auto, (max-width: 589px) 100vw, 589px\" \/><figcaption id=\"caption-attachment-5242\" class=\"wp-caption-text\">Foto: arquivo<\/figcaption><\/figure>\n<p style=\"text-align: justify;\">O prefeito Wladimir Garotinho nomeou, nesta ter\u00e7a-feira (5), F\u00e1bio Gon\u00e7alves Coboski, para presidente da Funda\u00e7\u00e3o Municipal de Esportes.<\/p>\n<p style=\"text-align: justify;\">F\u00e1bio foi presidente da FME no governo Rafael Diniz, indicado pelo agora vereador Raphael Thuin.<\/p>\n<p style=\"text-align: justify;\">Ontem, o blog publicou a visita do vice-presidente da C\u00e2mara, Juninho Virg\u00edlio, que identificou o sumi\u00e7o de equipamentos da Vila Ol\u00edmpica do Alphaville. Outras tamb\u00e9m foram destru\u00eddas.<\/p>\n<p><a href=\"https:\/\/www.tribunanf.com.br\/blogdoralfereis\/2021\/01\/04\/vice-presidente-da-camara-juninho-virgilio-visita-vila-olimpica-do-parque-alphaville-e-denuncia-sumico-de-equipamentos\/\" target=\"_blank\" rel=\"noopener\">Vice-presidente da C\u00e2mara, Juninho Virg\u00edlio visita Vila Ol\u00edmpica do Parque Alphaville e denuncia sumi\u00e7o de equipamentos<\/a><\/p>\n<p style=\"text-align: justify;\">Os vereadores j\u00e1 poderiam convocar o presidente para explicar a situa\u00e7\u00e3o deixada pela sua gest\u00e3o e a de Thuin.<\/p>\n<p><img loading=\"lazy\" decoding=\"async\" class=\"aligncenter size-full wp-image-5841\" src=\"https:\/\/www.tribunanf.com.br\/blogdoralfereis\/wp-content\/uploads\/sites\/11\/2021\/01\/fme.png\" alt=\"\" width=\"410\" height=\"172\" srcset=\"https:\/\/www.tribunanf.com.br\/blogdoralfereis\/wp-content\/uploads\/sites\/11\/2021\/01\/fme.png 410w, https:\/\/www.tribunanf.com.br\/blogdoralfereis\/wp-content\/uploads\/sites\/11\/2021\/01\/fme-300x126.png 300w\" sizes=\"auto, (max-width: 410px) 100vw, 410px\" \/><\/p>\n","protected":false},"excerpt":{"rendered":"<p>O prefeito Wladimir Garotinho nomeou, nesta ter\u00e7a-feira (5), F\u00e1bio Gon\u00e7alves Coboski, para presidente da Funda\u00e7\u00e3o Municipal de Esportes. F\u00e1bio foi&#8230;<\/p>\n","protected":false},"author":2,"featured_media":5242,"comment_status":"open","ping_status":"open","sticky":false,"template":"","format":"standard","meta":{"colormag_page_container_layout":"default_layout","colormag_page_sidebar_layout":"default_layout","jetpack_post_was_ever_published":false,"_jetpack_newsletter_access":"","_jetpack_dont_email_post_to_subs":false,"_jetpack_newsletter_tier_id":0,"_jetpack_memberships_contains_paywalled_content":false,"_jetpack_memberships_contains_paid_content":false,"footnotes":""},"categories":[2],"tags":[],"class_list":["post-5840","post","type-post","status-publish","format-standard","has-post-thumbnail","hentry","category-politica"],"jetpack_featured_media_url":"https:\/\/www.tribunanf.com.br\/blogdoralfereis\/wp-content\/uploads\/sites\/11\/2020\/10\/wlad-e-rafa.png","jetpack_sharing_enabled":true,"_links":{"self":[{"href":"https:\/\/www.tribunanf.com.br\/blogdoralfereis\/wp-json\/wp\/v2\/posts\/5840","targetHints":{"allow":["GET"]}}],"collection":[{"href":"https:\/\/www.tribunanf.com.br\/blogdoralfereis\/wp-json\/wp\/v2\/posts"}],"about":[{"href":"https:\/\/www.tribunanf.com.br\/blogdoralfereis\/wp-json\/wp\/v2\/types\/post"}],"author":[{"embeddable":true,"href":"https:\/\/www.tribunanf.com.br\/blogdoralfereis\/wp-json\/wp\/v2\/users\/2"}],"replies":[{"embeddable":true,"href":"https:\/\/www.tribunanf.com.br\/blogdoralfereis\/wp-json\/wp\/v2\/comments?post=5840"}],"version-history":[{"count":0,"href":"https:\/\/www.tribunanf.com.br\/blogdoralfereis\/wp-json\/wp\/v2\/posts\/5840\/revisions"}],"wp:featuredmedia":[{"embeddable":true,"href":"https:\/\/www.tribunanf.com.br\/blogdoralfereis\/wp-json\/wp\/v2\/media\/5242"}],"wp:attachment":[{"href":"https:\/\/www.tribunanf.com.br\/blogdoralfereis\/wp-json\/wp\/v2\/media?parent=5840"}],"wp:term":[{"taxonomy":"category","embeddable":true,"href":"https:\/\/www.tribunanf.com.br\/blogdoralfereis\/wp-json\/wp\/v2\/categories?post=5840"},{"taxonomy":"post_tag","embeddable":true,"href":"https:\/\/www.tribunanf.com.br\/blogdoralfereis\/wp-json\/wp\/v2\/tags?post=5840"}],"curies":[{"name":"wp","href":"https:\/\/api.w.org\/{rel}","templated":true}]}}