{"id":5837,"date":"2021-01-04T17:14:44","date_gmt":"2021-01-04T20:14:44","guid":{"rendered":"https:\/\/www.tribunanf.com.br\/blogdoralfereis\/?p=5837"},"modified":"2021-01-04T17:14:44","modified_gmt":"2021-01-04T20:14:44","slug":"filha-de-fernandinho-beira-mar-toma-posse-como-vereadora-em-caxias","status":"publish","type":"post","link":"https:\/\/www.tribunanf.com.br\/blogdoralfereis\/2021\/01\/04\/filha-de-fernandinho-beira-mar-toma-posse-como-vereadora-em-caxias\/","title":{"rendered":"Filha de Fernandinho Beira-Mar toma posse como vereadora em Caxias"},"content":{"rendered":"<p><img loading=\"lazy\" decoding=\"async\" class=\"aligncenter size-full wp-image-5838\" src=\"https:\/\/www.tribunanf.com.br\/blogdoralfereis\/wp-content\/uploads\/sites\/11\/2021\/01\/xfilha-de-fernandinho-beira-mar-toma-posse-como-vereadora-em-caxias.jpg.pagespeed.ic_.vPxwi-TA6B.jpg\" alt=\"\" width=\"640\" height=\"360\" srcset=\"https:\/\/www.tribunanf.com.br\/blogdoralfereis\/wp-content\/uploads\/sites\/11\/2021\/01\/xfilha-de-fernandinho-beira-mar-toma-posse-como-vereadora-em-caxias.jpg.pagespeed.ic_.vPxwi-TA6B.jpg 640w, https:\/\/www.tribunanf.com.br\/blogdoralfereis\/wp-content\/uploads\/sites\/11\/2021\/01\/xfilha-de-fernandinho-beira-mar-toma-posse-como-vereadora-em-caxias.jpg.pagespeed.ic_.vPxwi-TA6B-300x169.jpg 300w\" sizes=\"auto, (max-width: 640px) 100vw, 640px\" \/><\/p>\n<p style=\"text-align: justify;\">A filha do traficante Fernandinho Beira-Mar, Fernanda Costa (MDB), tomou posse como vereadora de Duque de Caxias nesta segunda-feira (04). Ela ficou com a vaga de Sandro L\u00e9lis (MDB), que se licenciou para assumir a Secretaria municipal de Servi\u00e7os P\u00fablicos.<\/p>\n<p style=\"text-align: justify;\">Os 3.999 votos conquistados pela cirurgi\u00e3 dentista n\u00e3o s\u00e3o os primeiros de sua carreira.<\/p>\n<p style=\"text-align: justify;\">Em 2016, ela se candidatou a vereadora pelo PP, mas n\u00e3o se elegeu.<\/p>\n<p style=\"text-align: justify;\">Desta vez, al\u00e9m de estar no partido do poderoso prefeito reeleito, Washington Reis, Fernandinha, como \u00e9 conhecida, ainda conquistou 901 votos a mais.<\/p>\n<p style=\"text-align: justify;\">Coluna Extra, Extra*<\/p>\n","protected":false},"excerpt":{"rendered":"<p>A filha do traficante Fernandinho Beira-Mar, Fernanda Costa (MDB), tomou posse como vereadora de Duque de Caxias nesta segunda-feira (04)&#8230;.<\/p>\n","protected":false},"author":2,"featured_media":5838,"comment_status":"open","ping_status":"open","sticky":false,"template":"","format":"standard","meta":{"colormag_page_container_layout":"default_layout","colormag_page_sidebar_layout":"default_layout","jetpack_post_was_ever_published":false,"_jetpack_newsletter_access":"","_jetpack_dont_email_post_to_subs":false,"_jetpack_newsletter_tier_id":0,"_jetpack_memberships_contains_paywalled_content":false,"_jetpack_memberships_contains_paid_content":false,"footnotes":""},"categories":[2],"tags":[],"class_list":["post-5837","post","type-post","status-publish","format-standard","has-post-thumbnail","hentry","category-politica"],"jetpack_featured_media_url":"https:\/\/www.tribunanf.com.br\/blogdoralfereis\/wp-content\/uploads\/sites\/11\/2021\/01\/xfilha-de-fernandinho-beira-mar-toma-posse-como-vereadora-em-caxias.jpg.pagespeed.ic_.vPxwi-TA6B.jpg","jetpack_sharing_enabled":true,"_links":{"self":[{"href":"https:\/\/www.tribunanf.com.br\/blogdoralfereis\/wp-json\/wp\/v2\/posts\/5837","targetHints":{"allow":["GET"]}}],"collection":[{"href":"https:\/\/www.tribunanf.com.br\/blogdoralfereis\/wp-json\/wp\/v2\/posts"}],"about":[{"href":"https:\/\/www.tribunanf.com.br\/blogdoralfereis\/wp-json\/wp\/v2\/types\/post"}],"author":[{"embeddable":true,"href":"https:\/\/www.tribunanf.com.br\/blogdoralfereis\/wp-json\/wp\/v2\/users\/2"}],"replies":[{"embeddable":true,"href":"https:\/\/www.tribunanf.com.br\/blogdoralfereis\/wp-json\/wp\/v2\/comments?post=5837"}],"version-history":[{"count":0,"href":"https:\/\/www.tribunanf.com.br\/blogdoralfereis\/wp-json\/wp\/v2\/posts\/5837\/revisions"}],"wp:featuredmedia":[{"embeddable":true,"href":"https:\/\/www.tribunanf.com.br\/blogdoralfereis\/wp-json\/wp\/v2\/media\/5838"}],"wp:attachment":[{"href":"https:\/\/www.tribunanf.com.br\/blogdoralfereis\/wp-json\/wp\/v2\/media?parent=5837"}],"wp:term":[{"taxonomy":"category","embeddable":true,"href":"https:\/\/www.tribunanf.com.br\/blogdoralfereis\/wp-json\/wp\/v2\/categories?post=5837"},{"taxonomy":"post_tag","embeddable":true,"href":"https:\/\/www.tribunanf.com.br\/blogdoralfereis\/wp-json\/wp\/v2\/tags?post=5837"}],"curies":[{"name":"wp","href":"https:\/\/api.w.org\/{rel}","templated":true}]}}