{"id":5831,"date":"2021-01-04T13:47:07","date_gmt":"2021-01-04T16:47:07","guid":{"rendered":"https:\/\/www.tribunanf.com.br\/blogdoralfereis\/?p=5831"},"modified":"2021-01-04T13:47:07","modified_gmt":"2021-01-04T16:47:07","slug":"vice-presidente-da-camara-juninho-virgilio-visita-vila-olimpica-do-parque-alphaville-e-denuncia-sumico-de-equipamentos","status":"publish","type":"post","link":"https:\/\/www.tribunanf.com.br\/blogdoralfereis\/2021\/01\/04\/vice-presidente-da-camara-juninho-virgilio-visita-vila-olimpica-do-parque-alphaville-e-denuncia-sumico-de-equipamentos\/","title":{"rendered":"Vice-presidente da C\u00e2mara, Juninho Virg\u00edlio visita Vila Ol\u00edmpica do Parque Alphaville e denuncia sumi\u00e7o de equipamentos"},"content":{"rendered":"<p><img loading=\"lazy\" decoding=\"async\" class=\"aligncenter size-full wp-image-5832\" src=\"https:\/\/www.tribunanf.com.br\/blogdoralfereis\/wp-content\/uploads\/sites\/11\/2021\/01\/Sem-titulo.jpg\" alt=\"\" width=\"800\" height=\"437\" srcset=\"https:\/\/www.tribunanf.com.br\/blogdoralfereis\/wp-content\/uploads\/sites\/11\/2021\/01\/Sem-titulo.jpg 800w, https:\/\/www.tribunanf.com.br\/blogdoralfereis\/wp-content\/uploads\/sites\/11\/2021\/01\/Sem-titulo-300x164.jpg 300w, https:\/\/www.tribunanf.com.br\/blogdoralfereis\/wp-content\/uploads\/sites\/11\/2021\/01\/Sem-titulo-768x420.jpg 768w\" sizes=\"auto, (max-width: 800px) 100vw, 800px\" \/><\/p>\n<p style=\"text-align: justify;\">O vice-presidente da C\u00e2mara Municipal de Campos, Juninho Virg\u00edlio, visitou a Vila Ol\u00edmpica do Parque Alphaville, e constatou o sumi\u00e7o de equipamentos.<\/p>\n<p style=\"text-align: justify;\">&#8220;Durante a campanha me assustei muito com o que vi da Vila Ol\u00edmpica do Parque Alphaville, um verdadeiro abandono. Mas hoje como vereador eleito, pude constatar de perto essa realidade. Um verdadeiro crime com Patrim\u00f4nio P\u00fablico. Por isso, chamei a Guarda Municipal para fazer um registro de Ocorr\u00eancias e mostrar tudo o que sumiu desse espa\u00e7o esportivo t\u00e3o importante para o Alphaville e regi\u00e3o.&#8221;, disse Virg\u00edlio.<\/p>\n<p style=\"text-align: justify;\">Confira:<\/p>\n<p><iframe loading=\"lazy\" style=\"border: none; overflow: hidden;\" src=\"https:\/\/www.facebook.com\/plugins\/video.php?height=308&amp;href=https%3A%2F%2Fwww.facebook.com%2Fjuniorvirgiliooficial%2Fvideos%2F3229213080516963%2F&amp;show_text=true&amp;width=560\" width=\"560\" height=\"423\" frameborder=\"0\" scrolling=\"no\" allowfullscreen=\"allowfullscreen\"><\/iframe><\/p>\n","protected":false},"excerpt":{"rendered":"<p>O vice-presidente da C\u00e2mara Municipal de Campos, Juninho Virg\u00edlio, visitou a Vila Ol\u00edmpica do Parque Alphaville, e constatou o sumi\u00e7o&#8230;<\/p>\n","protected":false},"author":2,"featured_media":5832,"comment_status":"open","ping_status":"open","sticky":false,"template":"","format":"standard","meta":{"colormag_page_container_layout":"default_layout","colormag_page_sidebar_layout":"default_layout","jetpack_post_was_ever_published":false,"_jetpack_newsletter_access":"","_jetpack_dont_email_post_to_subs":false,"_jetpack_newsletter_tier_id":0,"_jetpack_memberships_contains_paywalled_content":false,"_jetpack_memberships_contains_paid_content":false,"footnotes":""},"categories":[2],"tags":[],"class_list":["post-5831","post","type-post","status-publish","format-standard","has-post-thumbnail","hentry","category-politica"],"jetpack_featured_media_url":"https:\/\/www.tribunanf.com.br\/blogdoralfereis\/wp-content\/uploads\/sites\/11\/2021\/01\/Sem-titulo.jpg","jetpack_sharing_enabled":true,"_links":{"self":[{"href":"https:\/\/www.tribunanf.com.br\/blogdoralfereis\/wp-json\/wp\/v2\/posts\/5831","targetHints":{"allow":["GET"]}}],"collection":[{"href":"https:\/\/www.tribunanf.com.br\/blogdoralfereis\/wp-json\/wp\/v2\/posts"}],"about":[{"href":"https:\/\/www.tribunanf.com.br\/blogdoralfereis\/wp-json\/wp\/v2\/types\/post"}],"author":[{"embeddable":true,"href":"https:\/\/www.tribunanf.com.br\/blogdoralfereis\/wp-json\/wp\/v2\/users\/2"}],"replies":[{"embeddable":true,"href":"https:\/\/www.tribunanf.com.br\/blogdoralfereis\/wp-json\/wp\/v2\/comments?post=5831"}],"version-history":[{"count":0,"href":"https:\/\/www.tribunanf.com.br\/blogdoralfereis\/wp-json\/wp\/v2\/posts\/5831\/revisions"}],"wp:featuredmedia":[{"embeddable":true,"href":"https:\/\/www.tribunanf.com.br\/blogdoralfereis\/wp-json\/wp\/v2\/media\/5832"}],"wp:attachment":[{"href":"https:\/\/www.tribunanf.com.br\/blogdoralfereis\/wp-json\/wp\/v2\/media?parent=5831"}],"wp:term":[{"taxonomy":"category","embeddable":true,"href":"https:\/\/www.tribunanf.com.br\/blogdoralfereis\/wp-json\/wp\/v2\/categories?post=5831"},{"taxonomy":"post_tag","embeddable":true,"href":"https:\/\/www.tribunanf.com.br\/blogdoralfereis\/wp-json\/wp\/v2\/tags?post=5831"}],"curies":[{"name":"wp","href":"https:\/\/api.w.org\/{rel}","templated":true}]}}