{"id":5820,"date":"2021-01-01T12:27:01","date_gmt":"2021-01-01T15:27:01","guid":{"rendered":"https:\/\/www.tribunanf.com.br\/blogdoralfereis\/?p=5820"},"modified":"2021-01-01T12:27:01","modified_gmt":"2021-01-01T15:27:01","slug":"fabio-ribeiro-e-eleito-presidente-da-camara","status":"publish","type":"post","link":"https:\/\/www.tribunanf.com.br\/blogdoralfereis\/2021\/01\/01\/fabio-ribeiro-e-eleito-presidente-da-camara\/","title":{"rendered":"F\u00e1bio Ribeiro \u00e9 eleito presidente da C\u00e2mara"},"content":{"rendered":"<p><img loading=\"lazy\" decoding=\"async\" class=\"aligncenter size-large wp-image-5821\" src=\"https:\/\/www.tribunanf.com.br\/blogdoralfereis\/wp-content\/uploads\/sites\/11\/2021\/01\/fabio-1024x678.jpg\" alt=\"\" width=\"800\" height=\"530\" \/><\/p>\n<p style=\"text-align: justify;\">O vereador F\u00e1bio Ribeiro (PSD) foi eleito, na manh\u00e3 desta sexta-feira (1\u00ba) presidente da C\u00e2mara para o bi\u00eanio 2021-2022. Ele encabe\u00e7ou chapa \u00fanica e recebeu 24 votos. Marquinhos Bacellar (Solidariedade) se absteve. A elei\u00e7\u00e3o aconteceu logo ap\u00f3s a posse dos vereadores.<\/p>\n<p style=\"text-align: justify;\">Os demais integrantes da mesa diretora foram escolhidos: Juninho Virg\u00edlio (PROS) como primeiro vice-presidente, Maicon Cruz (PSC) como segundo vice-presidente, Leon Gomes (PTD) como primeiro secret\u00e1rio, Anderson de Matos (REP) como segundo secret\u00e1rio, Bruno Vianna (PSL) como primeiro suplente, e Leon Gomes (PTD) como segundo suplente.<\/p>\n<p style=\"text-align: justify;\">Na mesma ocasi\u00e3o, foram escolhidos Kassiano Tavares (PSD) como corregedor, Fred Machado (CDN) como vice-corregedor, Anderson de Matos (REP) como secret\u00e1rio da corregedoria.<\/p>\n","protected":false},"excerpt":{"rendered":"<p>O vereador F\u00e1bio Ribeiro (PSD) foi eleito, na manh\u00e3 desta sexta-feira (1\u00ba) presidente da C\u00e2mara para o bi\u00eanio 2021-2022. Ele&#8230;<\/p>\n","protected":false},"author":2,"featured_media":5821,"comment_status":"open","ping_status":"open","sticky":false,"template":"","format":"standard","meta":{"colormag_page_container_layout":"default_layout","colormag_page_sidebar_layout":"default_layout","jetpack_post_was_ever_published":false,"_jetpack_newsletter_access":"","_jetpack_dont_email_post_to_subs":false,"_jetpack_newsletter_tier_id":0,"_jetpack_memberships_contains_paywalled_content":false,"_jetpack_memberships_contains_paid_content":false,"footnotes":""},"categories":[2],"tags":[],"class_list":["post-5820","post","type-post","status-publish","format-standard","has-post-thumbnail","hentry","category-politica"],"jetpack_featured_media_url":"https:\/\/www.tribunanf.com.br\/blogdoralfereis\/wp-content\/uploads\/sites\/11\/2021\/01\/fabio-e1609514796719.jpg","jetpack_sharing_enabled":true,"_links":{"self":[{"href":"https:\/\/www.tribunanf.com.br\/blogdoralfereis\/wp-json\/wp\/v2\/posts\/5820","targetHints":{"allow":["GET"]}}],"collection":[{"href":"https:\/\/www.tribunanf.com.br\/blogdoralfereis\/wp-json\/wp\/v2\/posts"}],"about":[{"href":"https:\/\/www.tribunanf.com.br\/blogdoralfereis\/wp-json\/wp\/v2\/types\/post"}],"author":[{"embeddable":true,"href":"https:\/\/www.tribunanf.com.br\/blogdoralfereis\/wp-json\/wp\/v2\/users\/2"}],"replies":[{"embeddable":true,"href":"https:\/\/www.tribunanf.com.br\/blogdoralfereis\/wp-json\/wp\/v2\/comments?post=5820"}],"version-history":[{"count":0,"href":"https:\/\/www.tribunanf.com.br\/blogdoralfereis\/wp-json\/wp\/v2\/posts\/5820\/revisions"}],"wp:featuredmedia":[{"embeddable":true,"href":"https:\/\/www.tribunanf.com.br\/blogdoralfereis\/wp-json\/wp\/v2\/media\/5821"}],"wp:attachment":[{"href":"https:\/\/www.tribunanf.com.br\/blogdoralfereis\/wp-json\/wp\/v2\/media?parent=5820"}],"wp:term":[{"taxonomy":"category","embeddable":true,"href":"https:\/\/www.tribunanf.com.br\/blogdoralfereis\/wp-json\/wp\/v2\/categories?post=5820"},{"taxonomy":"post_tag","embeddable":true,"href":"https:\/\/www.tribunanf.com.br\/blogdoralfereis\/wp-json\/wp\/v2\/tags?post=5820"}],"curies":[{"name":"wp","href":"https:\/\/api.w.org\/{rel}","templated":true}]}}