{"id":5797,"date":"2020-12-27T11:02:24","date_gmt":"2020-12-27T14:02:24","guid":{"rendered":"https:\/\/www.tribunanf.com.br\/blogdoralfereis\/?p=5797"},"modified":"2020-12-27T11:02:24","modified_gmt":"2020-12-27T14:02:24","slug":"wladimir-garotinho-anuncia-o-subtenente-jackson-na-postura-municipal","status":"publish","type":"post","link":"https:\/\/www.tribunanf.com.br\/blogdoralfereis\/2020\/12\/27\/wladimir-garotinho-anuncia-o-subtenente-jackson-na-postura-municipal\/","title":{"rendered":"Wladimir Garotinho anuncia o subtenente Jackson na Postura Municipal"},"content":{"rendered":"<p><img loading=\"lazy\" decoding=\"async\" class=\"aligncenter size-large wp-image-5798\" src=\"https:\/\/www.tribunanf.com.br\/blogdoralfereis\/wp-content\/uploads\/sites\/11\/2020\/12\/132709862_2093403380794513_160025225529741175_o-1024x1024.jpg\" alt=\"\" width=\"800\" height=\"800\" \/><\/p>\n<p style=\"text-align: justify;\">O prefeito Wladimir Garotinho anunciou, na noite desse s\u00e1bado (26), o\u00a0subtenente da Pol\u00edcia Militar, Jackson, para comandar a Postura Municipal.<\/p>\n<p style=\"text-align: justify;\">Sub Jackson foi candidato a vereador pelo PSC.<\/p>\n<p style=\"text-align: justify;\">&#8220;Com a miss\u00e3o de ordenar o servi\u00e7o de Postura Municipal, assumir\u00e1 o comando @subtenjackson Sub Tenente da Pol\u00edcia Militar, ingressou nos quadros da corpora\u00e7\u00e3o no ano de 2000, j\u00e1 tendo atuado em v\u00e1rias fun\u00e7\u00f5es de comando dentro da \u00e1rea de atua\u00e7\u00e3o do 8\u00b0 BPM. Possui curso de t\u00e9cnica em abordagem e de controle de dist\u00farbio civil.&#8221;, anunciou Wladimir.<\/p>\n","protected":false},"excerpt":{"rendered":"<p>O prefeito Wladimir Garotinho anunciou, na noite desse s\u00e1bado (26), o\u00a0subtenente da Pol\u00edcia Militar, Jackson, para comandar a Postura Municipal&#8230;.<\/p>\n","protected":false},"author":2,"featured_media":5798,"comment_status":"open","ping_status":"open","sticky":false,"template":"","format":"standard","meta":{"colormag_page_container_layout":"default_layout","colormag_page_sidebar_layout":"default_layout","jetpack_post_was_ever_published":false,"_jetpack_newsletter_access":"","_jetpack_dont_email_post_to_subs":false,"_jetpack_newsletter_tier_id":0,"_jetpack_memberships_contains_paywalled_content":false,"_jetpack_memberships_contains_paid_content":false,"footnotes":""},"categories":[2],"tags":[],"class_list":["post-5797","post","type-post","status-publish","format-standard","has-post-thumbnail","hentry","category-politica"],"jetpack_featured_media_url":"https:\/\/www.tribunanf.com.br\/blogdoralfereis\/wp-content\/uploads\/sites\/11\/2020\/12\/132709862_2093403380794513_160025225529741175_o-e1609077717522.jpg","jetpack_sharing_enabled":true,"_links":{"self":[{"href":"https:\/\/www.tribunanf.com.br\/blogdoralfereis\/wp-json\/wp\/v2\/posts\/5797","targetHints":{"allow":["GET"]}}],"collection":[{"href":"https:\/\/www.tribunanf.com.br\/blogdoralfereis\/wp-json\/wp\/v2\/posts"}],"about":[{"href":"https:\/\/www.tribunanf.com.br\/blogdoralfereis\/wp-json\/wp\/v2\/types\/post"}],"author":[{"embeddable":true,"href":"https:\/\/www.tribunanf.com.br\/blogdoralfereis\/wp-json\/wp\/v2\/users\/2"}],"replies":[{"embeddable":true,"href":"https:\/\/www.tribunanf.com.br\/blogdoralfereis\/wp-json\/wp\/v2\/comments?post=5797"}],"version-history":[{"count":0,"href":"https:\/\/www.tribunanf.com.br\/blogdoralfereis\/wp-json\/wp\/v2\/posts\/5797\/revisions"}],"wp:featuredmedia":[{"embeddable":true,"href":"https:\/\/www.tribunanf.com.br\/blogdoralfereis\/wp-json\/wp\/v2\/media\/5798"}],"wp:attachment":[{"href":"https:\/\/www.tribunanf.com.br\/blogdoralfereis\/wp-json\/wp\/v2\/media?parent=5797"}],"wp:term":[{"taxonomy":"category","embeddable":true,"href":"https:\/\/www.tribunanf.com.br\/blogdoralfereis\/wp-json\/wp\/v2\/categories?post=5797"},{"taxonomy":"post_tag","embeddable":true,"href":"https:\/\/www.tribunanf.com.br\/blogdoralfereis\/wp-json\/wp\/v2\/tags?post=5797"}],"curies":[{"name":"wp","href":"https:\/\/api.w.org\/{rel}","templated":true}]}}