{"id":5778,"date":"2020-12-23T18:37:12","date_gmt":"2020-12-23T21:37:12","guid":{"rendered":"https:\/\/www.tribunanf.com.br\/blogdoralfereis\/?p=5778"},"modified":"2020-12-23T18:37:43","modified_gmt":"2020-12-23T21:37:43","slug":"presidente-do-stj-determina-transferencia-imediata-do-prefeito-marcelo-crivella-para-prisao-domiciliar","status":"publish","type":"post","link":"https:\/\/www.tribunanf.com.br\/blogdoralfereis\/2020\/12\/23\/presidente-do-stj-determina-transferencia-imediata-do-prefeito-marcelo-crivella-para-prisao-domiciliar\/","title":{"rendered":"Presidente do STJ ordena transfer\u00eancia imediata do prefeito Marcelo Crivella para pris\u00e3o domiciliar"},"content":{"rendered":"<p><img loading=\"lazy\" decoding=\"async\" class=\"aligncenter size-full wp-image-5754\" src=\"https:\/\/www.tribunanf.com.br\/blogdoralfereis\/wp-content\/uploads\/sites\/11\/2020\/12\/crivella-7.jpeg\" alt=\"\" width=\"1008\" height=\"567\" srcset=\"https:\/\/www.tribunanf.com.br\/blogdoralfereis\/wp-content\/uploads\/sites\/11\/2020\/12\/crivella-7.jpeg 1008w, https:\/\/www.tribunanf.com.br\/blogdoralfereis\/wp-content\/uploads\/sites\/11\/2020\/12\/crivella-7-300x169.jpeg 300w, https:\/\/www.tribunanf.com.br\/blogdoralfereis\/wp-content\/uploads\/sites\/11\/2020\/12\/crivella-7-768x432.jpeg 768w\" sizes=\"auto, (max-width: 1008px) 100vw, 1008px\" \/><\/p>\n<p style=\"text-align: justify;\">\u200b\u200b\u200b\u200bO ministro Humberto Martins, presidente do Superior Tribunal de Justi\u00e7a (STJ), determinou \u00e0 Coordenadoria de Processamento de Feitos de Direito Penal do tribunal, na tarde desta quarta-feira (23), a expedi\u00e7\u00e3o de alvar\u00e1 de soltura em favor do prefeito do Rio de Janeiro, Marcelo Crivella, para que ele seja colocado imediatamente em pris\u00e3o domiciliar.<\/p>\n<p style=\"text-align: justify;\">Humberto Martins determinou ainda que o presidente do Tribunal de Justi\u00e7a do Rio de Janeiro (TJRJ), desembargador Cl\u00e1udio de Mello Tavares, preste informa\u00e7\u00f5es, no prazo m\u00e1ximo de 48 horas, sobre o n\u00e3o cumprimento da liminar em habeas corpus concedida nesta ter\u00e7a-feira (22).<\/p>\n<p style=\"text-align: justify;\">A nova decis\u00e3o do ministro se deu ap\u00f3s peti\u00e7\u00e3o da defesa do prefeito, informando que o TJRJ estaria retardando o cumprimento da liminar, na qual o presidente do STJ substituiu a pris\u00e3o preventiva pela pris\u00e3o em regime domiciliar, com o uso de tornozeleira eletr\u00f4nica.<\/p>\n<p style=\"text-align: justify;\">Al\u00e9m disso, o prefeito ficou proibido de manter contato com terceiros; ter\u00e1 que entregar seus telefones, computadores e\u00a0<em>tablets<\/em>\u00a0\u00e0s autoridades; est\u00e1 proibido de sair de casa sem autoriza\u00e7\u00e3o e impedido\u00a0de usar telefones.<\/p>\n<p style=\"text-align: justify;\">As medidas cautelares s\u00e3o v\u00e1lidas at\u00e9 que o ministro Antonio Saldanha Palheiro, relator do habeas corpus impetrado pela defesa, analise o m\u00e9rito do pedido \u2013 o que dever\u00e1 acontecer ap\u00f3s o fim das f\u00e9rias forenses.<\/p>\n<p style=\"text-align: justify;\">Leia a\u00a0<strong><a href=\"https:\/\/www.stj.jus.br\/sites\/portalp\/SiteAssets\/documentos\/noticias\/23122020%20peti%c3%a7%c3%a3o%20HC%20636740.pdf\" target=\"_blank\" rel=\"noopener\">decis\u00e3o<\/a><\/strong>.<\/p>\n<p>Leia tamb\u00e9m: <a title=\"Presidente do STJ converte pris\u00e3o de Crivella em domiciliar\" href=\"https:\/\/www.tribunanf.com.br\/presidente-do-stj-converte-prisao-de-crivella-em-domiciliar\/\">Presidente do STJ converte pris\u00e3o de Crivella em domiciliar<\/a><\/p>\n","protected":false},"excerpt":{"rendered":"<p>\u200b\u200b\u200b\u200bO ministro Humberto Martins, presidente do Superior Tribunal de Justi\u00e7a (STJ), determinou \u00e0 Coordenadoria de Processamento de Feitos de Direito&#8230;<\/p>\n","protected":false},"author":2,"featured_media":5754,"comment_status":"open","ping_status":"open","sticky":false,"template":"","format":"standard","meta":{"colormag_page_container_layout":"default_layout","colormag_page_sidebar_layout":"default_layout","jetpack_post_was_ever_published":false,"_jetpack_newsletter_access":"","_jetpack_dont_email_post_to_subs":false,"_jetpack_newsletter_tier_id":0,"_jetpack_memberships_contains_paywalled_content":false,"_jetpack_memberships_contains_paid_content":false,"footnotes":""},"categories":[2],"tags":[],"class_list":["post-5778","post","type-post","status-publish","format-standard","has-post-thumbnail","hentry","category-politica"],"jetpack_featured_media_url":"https:\/\/www.tribunanf.com.br\/blogdoralfereis\/wp-content\/uploads\/sites\/11\/2020\/12\/crivella-7.jpeg","jetpack_sharing_enabled":true,"_links":{"self":[{"href":"https:\/\/www.tribunanf.com.br\/blogdoralfereis\/wp-json\/wp\/v2\/posts\/5778","targetHints":{"allow":["GET"]}}],"collection":[{"href":"https:\/\/www.tribunanf.com.br\/blogdoralfereis\/wp-json\/wp\/v2\/posts"}],"about":[{"href":"https:\/\/www.tribunanf.com.br\/blogdoralfereis\/wp-json\/wp\/v2\/types\/post"}],"author":[{"embeddable":true,"href":"https:\/\/www.tribunanf.com.br\/blogdoralfereis\/wp-json\/wp\/v2\/users\/2"}],"replies":[{"embeddable":true,"href":"https:\/\/www.tribunanf.com.br\/blogdoralfereis\/wp-json\/wp\/v2\/comments?post=5778"}],"version-history":[{"count":0,"href":"https:\/\/www.tribunanf.com.br\/blogdoralfereis\/wp-json\/wp\/v2\/posts\/5778\/revisions"}],"wp:featuredmedia":[{"embeddable":true,"href":"https:\/\/www.tribunanf.com.br\/blogdoralfereis\/wp-json\/wp\/v2\/media\/5754"}],"wp:attachment":[{"href":"https:\/\/www.tribunanf.com.br\/blogdoralfereis\/wp-json\/wp\/v2\/media?parent=5778"}],"wp:term":[{"taxonomy":"category","embeddable":true,"href":"https:\/\/www.tribunanf.com.br\/blogdoralfereis\/wp-json\/wp\/v2\/categories?post=5778"},{"taxonomy":"post_tag","embeddable":true,"href":"https:\/\/www.tribunanf.com.br\/blogdoralfereis\/wp-json\/wp\/v2\/tags?post=5778"}],"curies":[{"name":"wp","href":"https:\/\/api.w.org\/{rel}","templated":true}]}}