{"id":5757,"date":"2020-12-22T09:00:44","date_gmt":"2020-12-22T12:00:44","guid":{"rendered":"https:\/\/www.tribunanf.com.br\/blogdoralfereis\/?p=5757"},"modified":"2020-12-22T09:00:44","modified_gmt":"2020-12-22T12:00:44","slug":"os-sete-alvos-da-operacao-que-prendeu-crivella","status":"publish","type":"post","link":"https:\/\/www.tribunanf.com.br\/blogdoralfereis\/2020\/12\/22\/os-sete-alvos-da-operacao-que-prendeu-crivella\/","title":{"rendered":"Os sete alvos da opera\u00e7\u00e3o que prendeu Crivella"},"content":{"rendered":"<p><img loading=\"lazy\" decoding=\"async\" class=\"aligncenter size-full wp-image-4390\" src=\"https:\/\/www.tribunanf.com.br\/blogdoralfereis\/wp-content\/uploads\/sites\/11\/2020\/07\/p120200705_crivella_tiros_de_fuzil.jpeg\" alt=\"\" width=\"680\" height=\"453\" srcset=\"https:\/\/www.tribunanf.com.br\/blogdoralfereis\/wp-content\/uploads\/sites\/11\/2020\/07\/p120200705_crivella_tiros_de_fuzil.jpeg 680w, https:\/\/www.tribunanf.com.br\/blogdoralfereis\/wp-content\/uploads\/sites\/11\/2020\/07\/p120200705_crivella_tiros_de_fuzil-300x200.jpeg 300w\" sizes=\"auto, (max-width: 680px) 100vw, 680px\" \/><\/p>\n<p style=\"text-align: justify;\">A opera\u00e7\u00e3o que prendeu Marcelo Crivella, no \u00e2mbito das investiga\u00e7\u00f5es do suposto \u201cQG da Propina\u201d, teve sete mandados de pris\u00e3o expedidos.<\/p>\n<p style=\"text-align: justify;\">As medidas foram autorizadas pela desembargadora do Tribunal de Justi\u00e7a do Rio Rosa Helena Penna Macedo Guita.<\/p>\n<p style=\"text-align: justify;\">De acordo com as investiga\u00e7\u00f5es, empresas interessadas em fechar contratos com a prefeitura do Rio de Janeiro tinham de repassar dinheiro a Rafael Alves, irm\u00e3o de Marcelo Alves, ent\u00e3o presidente da Riotur. Crivella nega a exist\u00eancia do esquema ilegal.<\/p>\n<p style=\"text-align: justify;\">O Minist\u00e9rio P\u00fablico informou que a a\u00e7\u00e3o de hoje corre em sigilo.<\/p>\n<p style=\"text-align: justify;\">Os alvos foram:<\/p>\n<p style=\"text-align: justify;\">\u2014 Marcelo Crivella (Republicanos), prefeito do Rio e bispo licenciado da Universal;<\/p>\n<p style=\"text-align: justify;\">\u2014 Rafael Alves, empres\u00e1rio e irm\u00e3o de Marcelo Alves, ex-presidente da RioTur;<\/p>\n<p style=\"text-align: justify;\">\u2014 Fernando Moraes, delegado aposentado e ex-vereador no Rio de Janeiro;<\/p>\n<p style=\"text-align: justify;\">\u2014 Mauro Macedo, tesoureiro da campanha de Marcelo Crivella;<\/p>\n<p style=\"text-align: justify;\">\u2014 Eduardo Lopes, ex-senador (suplente de Crivella) e ex-presidente da RioTur, que \u00e9 considerado foragido;<\/p>\n<p style=\"text-align: justify;\">\u2014 Cristiano Stockler, empres\u00e1rio;<\/p>\n<p style=\"text-align: justify;\">\u2014 Adenor Gon\u00e7alves, empres\u00e1rio.<\/p>\n","protected":false},"excerpt":{"rendered":"<p>A opera\u00e7\u00e3o que prendeu Marcelo Crivella, no \u00e2mbito das investiga\u00e7\u00f5es do suposto \u201cQG da Propina\u201d, teve sete mandados de pris\u00e3o&#8230;<\/p>\n","protected":false},"author":2,"featured_media":4390,"comment_status":"open","ping_status":"open","sticky":false,"template":"","format":"standard","meta":{"colormag_page_container_layout":"default_layout","colormag_page_sidebar_layout":"default_layout","jetpack_post_was_ever_published":false,"_jetpack_newsletter_access":"","_jetpack_dont_email_post_to_subs":false,"_jetpack_newsletter_tier_id":0,"_jetpack_memberships_contains_paywalled_content":false,"_jetpack_memberships_contains_paid_content":false,"footnotes":""},"categories":[2],"tags":[],"class_list":["post-5757","post","type-post","status-publish","format-standard","has-post-thumbnail","hentry","category-politica"],"jetpack_featured_media_url":"https:\/\/www.tribunanf.com.br\/blogdoralfereis\/wp-content\/uploads\/sites\/11\/2020\/07\/p120200705_crivella_tiros_de_fuzil.jpeg","jetpack_sharing_enabled":true,"_links":{"self":[{"href":"https:\/\/www.tribunanf.com.br\/blogdoralfereis\/wp-json\/wp\/v2\/posts\/5757","targetHints":{"allow":["GET"]}}],"collection":[{"href":"https:\/\/www.tribunanf.com.br\/blogdoralfereis\/wp-json\/wp\/v2\/posts"}],"about":[{"href":"https:\/\/www.tribunanf.com.br\/blogdoralfereis\/wp-json\/wp\/v2\/types\/post"}],"author":[{"embeddable":true,"href":"https:\/\/www.tribunanf.com.br\/blogdoralfereis\/wp-json\/wp\/v2\/users\/2"}],"replies":[{"embeddable":true,"href":"https:\/\/www.tribunanf.com.br\/blogdoralfereis\/wp-json\/wp\/v2\/comments?post=5757"}],"version-history":[{"count":0,"href":"https:\/\/www.tribunanf.com.br\/blogdoralfereis\/wp-json\/wp\/v2\/posts\/5757\/revisions"}],"wp:featuredmedia":[{"embeddable":true,"href":"https:\/\/www.tribunanf.com.br\/blogdoralfereis\/wp-json\/wp\/v2\/media\/4390"}],"wp:attachment":[{"href":"https:\/\/www.tribunanf.com.br\/blogdoralfereis\/wp-json\/wp\/v2\/media?parent=5757"}],"wp:term":[{"taxonomy":"category","embeddable":true,"href":"https:\/\/www.tribunanf.com.br\/blogdoralfereis\/wp-json\/wp\/v2\/categories?post=5757"},{"taxonomy":"post_tag","embeddable":true,"href":"https:\/\/www.tribunanf.com.br\/blogdoralfereis\/wp-json\/wp\/v2\/tags?post=5757"}],"curies":[{"name":"wp","href":"https:\/\/api.w.org\/{rel}","templated":true}]}}