{"id":566,"date":"2018-07-30T21:00:11","date_gmt":"2018-07-31T00:00:11","guid":{"rendered":"http:\/\/www.tribunanf.com.br\/blogdoralfereis\/?p=566"},"modified":"2018-07-30T21:03:27","modified_gmt":"2018-07-31T00:03:27","slug":"eleicao-da-mesa-da-camara-campos-em-pauta-no-retorno-do-recesso","status":"publish","type":"post","link":"https:\/\/www.tribunanf.com.br\/blogdoralfereis\/2018\/07\/30\/eleicao-da-mesa-da-camara-campos-em-pauta-no-retorno-do-recesso\/","title":{"rendered":"Elei\u00e7\u00e3o da mesa da C\u00e2mara Campos em pauta no retorno do recesso"},"content":{"rendered":"<p><img loading=\"lazy\" decoding=\"async\" class=\"aligncenter size-full wp-image-463\" src=\"http:\/\/www.tribunanf.com.br\/blogdoralfereis\/wp-content\/uploads\/sites\/11\/2018\/07\/Camara-campos.jpg\" alt=\"\" width=\"1600\" height=\"1063\" srcset=\"https:\/\/www.tribunanf.com.br\/blogdoralfereis\/wp-content\/uploads\/sites\/11\/2018\/07\/Camara-campos.jpg 1600w, https:\/\/www.tribunanf.com.br\/blogdoralfereis\/wp-content\/uploads\/sites\/11\/2018\/07\/Camara-campos-300x199.jpg 300w, https:\/\/www.tribunanf.com.br\/blogdoralfereis\/wp-content\/uploads\/sites\/11\/2018\/07\/Camara-campos-768x510.jpg 768w, https:\/\/www.tribunanf.com.br\/blogdoralfereis\/wp-content\/uploads\/sites\/11\/2018\/07\/Camara-campos-1024x680.jpg 1024w\" sizes=\"auto, (max-width: 1600px) 100vw, 1600px\" \/><\/p>\n<p style=\"text-align: justify;\">A C\u00e2mara de Vereadores de Campos realizar\u00e1 sess\u00e3o ordin\u00e1ria nesta quarta-feira (1\u00ba), \u00e0s 8h, encerrando o recesso parlamentar conforme previs\u00e3o em Regimento Interno. Com o fim do recesso, as sess\u00f5es ordin\u00e1rias voltam a ocorrer as ter\u00e7as e quartas, com in\u00edcio \u00e0s 8h.<\/p>\n<p style=\"text-align: justify;\">Nos bastidores do legislativo se fala em convoca\u00e7\u00e3o da elei\u00e7\u00e3o da mesa diretora esta semana, ou ainda nos primeiros dias de agosto.<\/p>\n<p style=\"text-align: justify;\">\u00c9 que o presidente Marc\u00e3o Gomes quer resolver a quest\u00e3o antes do poss\u00edvel retorno dos vereadores afastados e de sua iminente sa\u00edda.<\/p>\n<p style=\"text-align: justify;\">O candidato do prefeito a presid\u00eancia da C\u00e2mara \u00e9 o l\u00edder do governo Fred Machado.<\/p>\n","protected":false},"excerpt":{"rendered":"<p>A C\u00e2mara de Vereadores de Campos realizar\u00e1 sess\u00e3o ordin\u00e1ria nesta quarta-feira (1\u00ba), \u00e0s 8h, encerrando o recesso parlamentar conforme previs\u00e3o&#8230;<\/p>\n","protected":false},"author":2,"featured_media":463,"comment_status":"open","ping_status":"open","sticky":false,"template":"","format":"standard","meta":{"colormag_page_container_layout":"default_layout","colormag_page_sidebar_layout":"default_layout","jetpack_post_was_ever_published":false,"_jetpack_newsletter_access":"","_jetpack_dont_email_post_to_subs":false,"_jetpack_newsletter_tier_id":0,"_jetpack_memberships_contains_paywalled_content":false,"_jetpack_memberships_contains_paid_content":false,"footnotes":""},"categories":[2],"tags":[],"class_list":["post-566","post","type-post","status-publish","format-standard","has-post-thumbnail","hentry","category-politica"],"jetpack_featured_media_url":"https:\/\/www.tribunanf.com.br\/blogdoralfereis\/wp-content\/uploads\/sites\/11\/2018\/07\/Camara-campos.jpg","jetpack_sharing_enabled":true,"_links":{"self":[{"href":"https:\/\/www.tribunanf.com.br\/blogdoralfereis\/wp-json\/wp\/v2\/posts\/566","targetHints":{"allow":["GET"]}}],"collection":[{"href":"https:\/\/www.tribunanf.com.br\/blogdoralfereis\/wp-json\/wp\/v2\/posts"}],"about":[{"href":"https:\/\/www.tribunanf.com.br\/blogdoralfereis\/wp-json\/wp\/v2\/types\/post"}],"author":[{"embeddable":true,"href":"https:\/\/www.tribunanf.com.br\/blogdoralfereis\/wp-json\/wp\/v2\/users\/2"}],"replies":[{"embeddable":true,"href":"https:\/\/www.tribunanf.com.br\/blogdoralfereis\/wp-json\/wp\/v2\/comments?post=566"}],"version-history":[{"count":0,"href":"https:\/\/www.tribunanf.com.br\/blogdoralfereis\/wp-json\/wp\/v2\/posts\/566\/revisions"}],"wp:featuredmedia":[{"embeddable":true,"href":"https:\/\/www.tribunanf.com.br\/blogdoralfereis\/wp-json\/wp\/v2\/media\/463"}],"wp:attachment":[{"href":"https:\/\/www.tribunanf.com.br\/blogdoralfereis\/wp-json\/wp\/v2\/media?parent=566"}],"wp:term":[{"taxonomy":"category","embeddable":true,"href":"https:\/\/www.tribunanf.com.br\/blogdoralfereis\/wp-json\/wp\/v2\/categories?post=566"},{"taxonomy":"post_tag","embeddable":true,"href":"https:\/\/www.tribunanf.com.br\/blogdoralfereis\/wp-json\/wp\/v2\/tags?post=566"}],"curies":[{"name":"wp","href":"https:\/\/api.w.org\/{rel}","templated":true}]}}