{"id":5638,"date":"2020-12-15T16:40:47","date_gmt":"2020-12-15T19:40:47","guid":{"rendered":"https:\/\/www.tribunanf.com.br\/blogdoralfereis\/?p=5638"},"modified":"2020-12-15T16:43:52","modified_gmt":"2020-12-15T19:43:52","slug":"ministro-do-stj-manda-prender-advogado-suspeito-de-angariar-propina-disfarcada-de-honorarios","status":"publish","type":"post","link":"https:\/\/www.tribunanf.com.br\/blogdoralfereis\/2020\/12\/15\/ministro-do-stj-manda-prender-advogado-suspeito-de-angariar-propina-disfarcada-de-honorarios\/","title":{"rendered":"Ministro do STJ manda prender advogado suspeito de angariar propina disfar\u00e7ada de honor\u00e1rios"},"content":{"rendered":"<p><img loading=\"lazy\" decoding=\"async\" class=\"aligncenter size-full wp-image-368\" src=\"https:\/\/www.tribunanf.com.br\/blogdoralfereis\/wp-content\/uploads\/sites\/11\/2018\/07\/PF-RJ-1-720x350.jpg\" alt=\"\" width=\"720\" height=\"350\" srcset=\"https:\/\/www.tribunanf.com.br\/blogdoralfereis\/wp-content\/uploads\/sites\/11\/2018\/07\/PF-RJ-1-720x350.jpg 720w, https:\/\/www.tribunanf.com.br\/blogdoralfereis\/wp-content\/uploads\/sites\/11\/2018\/07\/PF-RJ-1-720x350-300x146.jpg 300w\" sizes=\"auto, (max-width: 720px) 100vw, 720px\" \/><\/p>\n<p style=\"text-align: justify;\">Em desdobramento da Opera\u00e7\u00e3o Tris in Idem, o ministro do Superior Tribunal de Justi\u00e7a (STJ) Benedito Gon\u00e7alves determinou a pris\u00e3o preventiva de duas pessoas e aplicou medidas cautelares diversas a uma outra \u2013 todas investigadas por suposto envolvimento na libera\u00e7\u00e3o irregular de pagamentos do Estado do Rio de Janeiro a uma organiza\u00e7\u00e3o social da \u00e1rea da sa\u00fade. Os mandados de pris\u00e3o e de busca e apreens\u00e3o de documentos f\u00edsicos e eletr\u00f4nicos, m\u00eddias, valores e obras de arte, em diversos endere\u00e7os da capital fluminense, foram cumpridos pela Pol\u00edcia Federal nesta ter\u00e7a-feira (15).<\/p>\n<p>*<a href=\"https:\/\/www.tribunanf.com.br\/pf-prende-advogado-suspeito-de-participacao-em-esquema-de-corrupcao-na-saude-do-rj\/\">PF prende advogado suspeito de participa\u00e7\u00e3o em esquema de corrup\u00e7\u00e3o na Sa\u00fade do RJ<\/a><\/p>\n<p style=\"text-align: justify;\">Os pedidos de pris\u00e3o, apresentados ao STJ pelo Minist\u00e9rio P\u00fablico Federal (MPF), foram parcialmente deferidos pelo relator. A investiga\u00e7\u00e3o \u00e9 fruto do acordo de dela\u00e7\u00e3o premiada firmado em junho deste ano com Edmar Santos, ex-secret\u00e1rio de Sa\u00fade do Estado do Rio de Janeiro, cujas informa\u00e7\u00f5es foram corroboradas por outros depoimentos e elementos de provas, como quebras de sigilo banc\u00e1rio e imagens de circuitos de seguran\u00e7a.<\/p>\n<p style=\"text-align: justify;\">Durante as investiga\u00e7\u00f5es, surgiram ind\u00edcios de que uma organiza\u00e7\u00e3o criminosa com ramifica\u00e7\u00e3o em diversas \u00e1reas da administra\u00e7\u00e3o estadual estaria envolvida em casos de corrup\u00e7\u00e3o ativa e passiva, lavagem de capitais, fraude a licita\u00e7\u00f5es e outros delitos, desde antes da elei\u00e7\u00e3o de 2018 e ainda mais ap\u00f3s o pleito, sem cessar at\u00e9 o momento suas atividades \u2013 intensificadas, ali\u00e1s, no contexto do combate \u00e0 Covid-19.<\/p>\n<p style=\"text-align: justify;\"><strong>Restos a \u200b\u200bpagar<\/strong><\/p>\n<p style=\"text-align: justify;\">Conforme se apurou, um dos grupos da organiza\u00e7\u00e3o buscava ilicitamente recursos na \u00e1rea da sa\u00fade, direcionando licita\u00e7\u00f5es e cobrando propina para liberar pagamentos de d\u00edvidas \u2013 classificadas como restos a pagar e despesas de exerc\u00edcios anteriores \u2013 a entidades que mantinham contratos com o governo estadual.<\/p>\n<p style=\"text-align: justify;\">Em mar\u00e7o de 2019, foi criada por decreto uma comiss\u00e3o de avalia\u00e7\u00e3o dos restos a pagar, com a intens\u00e3o de filtrar pagamentos. O MPF narra que o l\u00edder do grupo de influ\u00eancia intercedeu junto ao governador para que flexibilizasse o decreto sobre os restos a pagar na \u00e1rea da sa\u00fade e que isso efetivamente aconteceu, com a reedi\u00e7\u00e3o do decreto, liberando tais pagamentos da an\u00e1lise da comiss\u00e3o.<\/p>\n<p style=\"text-align: justify;\">Entre as pris\u00f5es determinadas, est\u00e1 a de um advogado, s\u00f3cio do escrit\u00f3rio que teria sido utilizado para transfer\u00eancia dos recursos creditados \u00e0 organiza\u00e7\u00e3o social para o grupo criminoso. De acordo com o MPF, ele foi o respons\u00e1vel por requerer administrativamente os pagamentos, no valor de R$ 280 milh\u00f5es. Os honor\u00e1rios eram de 20%, dos quais 13% teriam sido transferidos a um operador financeiro. Os repasses il\u00edcitos feitos pela organiza\u00e7\u00e3o social ao grupo criminoso chegariam a R$ 53 milh\u00f5es.<\/p>\n<p style=\"text-align: justify;\">O ministro Benedito Gon\u00e7alves observou que h\u00e1 uma complexa teia de pessoas f\u00edsicas e jur\u00eddicas, em t\u00edpica formata\u00e7\u00e3o de atividade organizada para o fim de praticar crimes de corrup\u00e7\u00e3o e lavagem de capitais.<\/p>\n<p style=\"text-align: justify;\"><strong>Risco de reite\u200b\u200bra\u00e7\u00e3o<\/strong><\/p>\n<p style=\"text-align: justify;\">Ao justificar a ordem de pris\u00e3o do advogado Wagner Bragan\u00e7a e do s\u00f3cio de uma empresa ligada ao operador financeiro do esquema, o ministro concluiu estarem presentes a materialidade e os ind\u00edcios suficientes de autoria, bem como a necessidade de garantir a ordem p\u00fablica e a instru\u00e7\u00e3o criminal. &#8220;O estado de liberdade deles gera perigo e justo receio de reitera\u00e7\u00e3o criminosa, destrui\u00e7\u00e3o de provas e dissipa\u00e7\u00e3o de bens e valores em tese angariados ilicitamente&#8221;, afirmou.<\/p>\n<p style=\"text-align: justify;\">&#8220;A suposta organiza\u00e7\u00e3o criminosa atua, em tese, de forma a n\u00e3o se perceber de antem\u00e3o ou sem vis\u00e3o de conjunto os intrincados e ao mesmo tempo fluidos v\u00ednculos entre os agentes, pois muitas contrata\u00e7\u00f5es s\u00e3o forjadas por meio de interpostas pessoas, ou ainda mediante reuni\u00f5es secretas (maximizadas pelos mecanismos tecnol\u00f3gicos)&#8221;, destacou o ministro.<\/p>\n<p style=\"text-align: justify;\">Quanto ao dirigente da organiza\u00e7\u00e3o social, Benedito Gon\u00e7alves concluiu ser poss\u00edvel frear a atividade criminosa com a aplica\u00e7\u00e3o de medidas cautelares diversas da pris\u00e3o: proibi\u00e7\u00e3o de acesso a \u00f3rg\u00e3os e entidades p\u00fablicas do estado; proibi\u00e7\u00e3o de contato com os advogados do escrit\u00f3rio investigado por envolvimento no esquema; entrega do passaporte e monitoramento eletr\u00f4nico.<\/p>\n<p style=\"text-align: justify;\">A pris\u00e3o preventiva dura at\u00e9 o fim da instru\u00e7\u00e3o criminal e deve ser reavaliada pelo magistrado que a determinou a cada 90 dias, como determina o par\u00e1grafo \u00fanico do artigo 316 do CPP.<\/p>\n<p style=\"text-align: justify;\">Ascom STJ*<\/p>\n","protected":false},"excerpt":{"rendered":"<p>Em desdobramento da Opera\u00e7\u00e3o Tris in Idem, o ministro do Superior Tribunal de Justi\u00e7a (STJ) Benedito Gon\u00e7alves determinou a pris\u00e3o&#8230;<\/p>\n","protected":false},"author":2,"featured_media":368,"comment_status":"open","ping_status":"open","sticky":false,"template":"","format":"standard","meta":{"colormag_page_container_layout":"default_layout","colormag_page_sidebar_layout":"default_layout","jetpack_post_was_ever_published":false,"_jetpack_newsletter_access":"","_jetpack_dont_email_post_to_subs":false,"_jetpack_newsletter_tier_id":0,"_jetpack_memberships_contains_paywalled_content":false,"_jetpack_memberships_contains_paid_content":false,"footnotes":""},"categories":[2],"tags":[],"class_list":["post-5638","post","type-post","status-publish","format-standard","has-post-thumbnail","hentry","category-politica"],"jetpack_featured_media_url":"https:\/\/www.tribunanf.com.br\/blogdoralfereis\/wp-content\/uploads\/sites\/11\/2018\/07\/PF-RJ-1-720x350.jpg","jetpack_sharing_enabled":true,"_links":{"self":[{"href":"https:\/\/www.tribunanf.com.br\/blogdoralfereis\/wp-json\/wp\/v2\/posts\/5638","targetHints":{"allow":["GET"]}}],"collection":[{"href":"https:\/\/www.tribunanf.com.br\/blogdoralfereis\/wp-json\/wp\/v2\/posts"}],"about":[{"href":"https:\/\/www.tribunanf.com.br\/blogdoralfereis\/wp-json\/wp\/v2\/types\/post"}],"author":[{"embeddable":true,"href":"https:\/\/www.tribunanf.com.br\/blogdoralfereis\/wp-json\/wp\/v2\/users\/2"}],"replies":[{"embeddable":true,"href":"https:\/\/www.tribunanf.com.br\/blogdoralfereis\/wp-json\/wp\/v2\/comments?post=5638"}],"version-history":[{"count":0,"href":"https:\/\/www.tribunanf.com.br\/blogdoralfereis\/wp-json\/wp\/v2\/posts\/5638\/revisions"}],"wp:featuredmedia":[{"embeddable":true,"href":"https:\/\/www.tribunanf.com.br\/blogdoralfereis\/wp-json\/wp\/v2\/media\/368"}],"wp:attachment":[{"href":"https:\/\/www.tribunanf.com.br\/blogdoralfereis\/wp-json\/wp\/v2\/media?parent=5638"}],"wp:term":[{"taxonomy":"category","embeddable":true,"href":"https:\/\/www.tribunanf.com.br\/blogdoralfereis\/wp-json\/wp\/v2\/categories?post=5638"},{"taxonomy":"post_tag","embeddable":true,"href":"https:\/\/www.tribunanf.com.br\/blogdoralfereis\/wp-json\/wp\/v2\/tags?post=5638"}],"curies":[{"name":"wp","href":"https:\/\/api.w.org\/{rel}","templated":true}]}}