{"id":5631,"date":"2020-12-14T18:09:38","date_gmt":"2020-12-14T21:09:38","guid":{"rendered":"https:\/\/www.tribunanf.com.br\/blogdoralfereis\/?p=5631"},"modified":"2020-12-14T18:09:38","modified_gmt":"2020-12-14T21:09:38","slug":"wladimir-anuncia-vereadoras-josiane-morumbi-e-rosilane-na-composicao-do-staff","status":"publish","type":"post","link":"https:\/\/www.tribunanf.com.br\/blogdoralfereis\/2020\/12\/14\/wladimir-anuncia-vereadoras-josiane-morumbi-e-rosilane-na-composicao-do-staff\/","title":{"rendered":"Wladimir anuncia vereadoras Josiane Morumbi e Rosilane na composi\u00e7\u00e3o do staff"},"content":{"rendered":"<p><img loading=\"lazy\" decoding=\"async\" class=\"aligncenter size-large wp-image-5632\" src=\"https:\/\/www.tribunanf.com.br\/blogdoralfereis\/wp-content\/uploads\/sites\/11\/2020\/12\/WhatsApp-Image-2020-12-14-at-18.00.18-1024x1024.jpeg\" alt=\"\" width=\"800\" height=\"800\" \/><\/p>\n<p style=\"text-align: justify;\">O prefeito eleito Wladimir Garotinho anunciou na tarde desta segunda-feira (14) as vereadoras Josiane Morumbi e Rosilane do Ren\u00ea na composi\u00e7\u00e3o do governo. Ambas n\u00e3o conseguiram a reelei\u00e7\u00e3o, e estar\u00e3o compondo a secretaria de Desenvolvimento Humano e Social.<\/p>\n<p style=\"text-align: justify;\">&#8220;Reconhecendo a import\u00e2ncia e a representatividade das mulheres na pol\u00edtica, estamos anunciando Josiane Morumbi para a Subsecretaria dos Diretos da Mulher e Rosilane do Ren\u00ea para a Subsecretaria do Envelhecimento Saud\u00e1vel, ambas estar\u00e3o vinculadas a Secretaria de Desenvolvimento Humano e Social.<\/p>\n<p style=\"text-align: justify;\">Desejo muita sorte a essas duas mulheres de fibra, que assim como foram atuantes na C\u00e2mara de Vereadores, ser\u00e3o agora no executivo em favor do nosso povo.&#8221;, disse Wladimir.<\/p>\n","protected":false},"excerpt":{"rendered":"<p>O prefeito eleito Wladimir Garotinho anunciou na tarde desta segunda-feira (14) as vereadoras Josiane Morumbi e Rosilane do Ren\u00ea na&#8230;<\/p>\n","protected":false},"author":2,"featured_media":5632,"comment_status":"open","ping_status":"open","sticky":false,"template":"","format":"standard","meta":{"colormag_page_container_layout":"default_layout","colormag_page_sidebar_layout":"default_layout","jetpack_post_was_ever_published":false,"_jetpack_newsletter_access":"","_jetpack_dont_email_post_to_subs":false,"_jetpack_newsletter_tier_id":0,"_jetpack_memberships_contains_paywalled_content":false,"_jetpack_memberships_contains_paid_content":false,"footnotes":""},"categories":[2],"tags":[],"class_list":["post-5631","post","type-post","status-publish","format-standard","has-post-thumbnail","hentry","category-politica"],"jetpack_featured_media_url":"https:\/\/www.tribunanf.com.br\/blogdoralfereis\/wp-content\/uploads\/sites\/11\/2020\/12\/WhatsApp-Image-2020-12-14-at-18.00.18-e1607980127637.jpeg","jetpack_sharing_enabled":true,"_links":{"self":[{"href":"https:\/\/www.tribunanf.com.br\/blogdoralfereis\/wp-json\/wp\/v2\/posts\/5631","targetHints":{"allow":["GET"]}}],"collection":[{"href":"https:\/\/www.tribunanf.com.br\/blogdoralfereis\/wp-json\/wp\/v2\/posts"}],"about":[{"href":"https:\/\/www.tribunanf.com.br\/blogdoralfereis\/wp-json\/wp\/v2\/types\/post"}],"author":[{"embeddable":true,"href":"https:\/\/www.tribunanf.com.br\/blogdoralfereis\/wp-json\/wp\/v2\/users\/2"}],"replies":[{"embeddable":true,"href":"https:\/\/www.tribunanf.com.br\/blogdoralfereis\/wp-json\/wp\/v2\/comments?post=5631"}],"version-history":[{"count":0,"href":"https:\/\/www.tribunanf.com.br\/blogdoralfereis\/wp-json\/wp\/v2\/posts\/5631\/revisions"}],"wp:featuredmedia":[{"embeddable":true,"href":"https:\/\/www.tribunanf.com.br\/blogdoralfereis\/wp-json\/wp\/v2\/media\/5632"}],"wp:attachment":[{"href":"https:\/\/www.tribunanf.com.br\/blogdoralfereis\/wp-json\/wp\/v2\/media?parent=5631"}],"wp:term":[{"taxonomy":"category","embeddable":true,"href":"https:\/\/www.tribunanf.com.br\/blogdoralfereis\/wp-json\/wp\/v2\/categories?post=5631"},{"taxonomy":"post_tag","embeddable":true,"href":"https:\/\/www.tribunanf.com.br\/blogdoralfereis\/wp-json\/wp\/v2\/tags?post=5631"}],"curies":[{"name":"wp","href":"https:\/\/api.w.org\/{rel}","templated":true}]}}