{"id":5628,"date":"2020-12-14T14:12:34","date_gmt":"2020-12-14T17:12:34","guid":{"rendered":"https:\/\/www.tribunanf.com.br\/blogdoralfereis\/?p=5628"},"modified":"2020-12-14T14:12:34","modified_gmt":"2020-12-14T17:12:34","slug":"wladimir-anuncia-vereador-eleito-frederico-rangel-para-secretaria-de-servicos-publicos","status":"publish","type":"post","link":"https:\/\/www.tribunanf.com.br\/blogdoralfereis\/2020\/12\/14\/wladimir-anuncia-vereador-eleito-frederico-rangel-para-secretaria-de-servicos-publicos\/","title":{"rendered":"Wladimir anuncia vereador eleito Frederico Rangel para secretaria de Servi\u00e7os P\u00fablicos"},"content":{"rendered":"<p><img loading=\"lazy\" decoding=\"async\" class=\"aligncenter size-full wp-image-5629\" src=\"https:\/\/www.tribunanf.com.br\/blogdoralfereis\/wp-content\/uploads\/sites\/11\/2020\/12\/130749833_2082074258594092_5460828151646898612_o.jpg\" alt=\"\" width=\"707\" height=\"540\" srcset=\"https:\/\/www.tribunanf.com.br\/blogdoralfereis\/wp-content\/uploads\/sites\/11\/2020\/12\/130749833_2082074258594092_5460828151646898612_o.jpg 707w, https:\/\/www.tribunanf.com.br\/blogdoralfereis\/wp-content\/uploads\/sites\/11\/2020\/12\/130749833_2082074258594092_5460828151646898612_o-300x229.jpg 300w\" sizes=\"auto, (max-width: 707px) 100vw, 707px\" \/><\/p>\n<p style=\"text-align: justify;\">O prefeito eleito Wladimir Garotinho anunciou, nesta segunda-feira (14), o vereador eleito Frederico Rangel (PSD) como secret\u00e1rio de Servi\u00e7os P\u00fablicos.<\/p>\n<p style=\"text-align: justify;\">&#8220;Teremos como secret\u00e1rio de Servi\u00e7os P\u00fablicos o vereador eleito pelo PSD, Fred Rangel. Dentre suas atribui\u00e7\u00f5es, a principal ser\u00e1 cuidar da limpeza da cidade, que est\u00e1 muito mal tratada nos \u00faltimos tempos.<br \/>\nBem vindo e boa sorte! Tenho certeza que dar\u00e1 conta do recado!&#8221;, disse Wladimir.<\/p>\n<p style=\"text-align: justify;\">Com a ida de Fred para o governo, abre uma vaga na C\u00e2mara para convoca\u00e7\u00e3o do primeiro suplente do partido \u00c1lvaro Oliveira.<\/p>\n","protected":false},"excerpt":{"rendered":"<p>O prefeito eleito Wladimir Garotinho anunciou, nesta segunda-feira (14), o vereador eleito Frederico Rangel (PSD) como secret\u00e1rio de Servi\u00e7os P\u00fablicos&#8230;.<\/p>\n","protected":false},"author":2,"featured_media":5629,"comment_status":"open","ping_status":"open","sticky":false,"template":"","format":"standard","meta":{"colormag_page_container_layout":"default_layout","colormag_page_sidebar_layout":"default_layout","jetpack_post_was_ever_published":false,"_jetpack_newsletter_access":"","_jetpack_dont_email_post_to_subs":false,"_jetpack_newsletter_tier_id":0,"_jetpack_memberships_contains_paywalled_content":false,"_jetpack_memberships_contains_paid_content":false,"footnotes":""},"categories":[2],"tags":[],"class_list":["post-5628","post","type-post","status-publish","format-standard","has-post-thumbnail","hentry","category-politica"],"jetpack_featured_media_url":"https:\/\/www.tribunanf.com.br\/blogdoralfereis\/wp-content\/uploads\/sites\/11\/2020\/12\/130749833_2082074258594092_5460828151646898612_o.jpg","jetpack_sharing_enabled":true,"_links":{"self":[{"href":"https:\/\/www.tribunanf.com.br\/blogdoralfereis\/wp-json\/wp\/v2\/posts\/5628","targetHints":{"allow":["GET"]}}],"collection":[{"href":"https:\/\/www.tribunanf.com.br\/blogdoralfereis\/wp-json\/wp\/v2\/posts"}],"about":[{"href":"https:\/\/www.tribunanf.com.br\/blogdoralfereis\/wp-json\/wp\/v2\/types\/post"}],"author":[{"embeddable":true,"href":"https:\/\/www.tribunanf.com.br\/blogdoralfereis\/wp-json\/wp\/v2\/users\/2"}],"replies":[{"embeddable":true,"href":"https:\/\/www.tribunanf.com.br\/blogdoralfereis\/wp-json\/wp\/v2\/comments?post=5628"}],"version-history":[{"count":0,"href":"https:\/\/www.tribunanf.com.br\/blogdoralfereis\/wp-json\/wp\/v2\/posts\/5628\/revisions"}],"wp:featuredmedia":[{"embeddable":true,"href":"https:\/\/www.tribunanf.com.br\/blogdoralfereis\/wp-json\/wp\/v2\/media\/5629"}],"wp:attachment":[{"href":"https:\/\/www.tribunanf.com.br\/blogdoralfereis\/wp-json\/wp\/v2\/media?parent=5628"}],"wp:term":[{"taxonomy":"category","embeddable":true,"href":"https:\/\/www.tribunanf.com.br\/blogdoralfereis\/wp-json\/wp\/v2\/categories?post=5628"},{"taxonomy":"post_tag","embeddable":true,"href":"https:\/\/www.tribunanf.com.br\/blogdoralfereis\/wp-json\/wp\/v2\/tags?post=5628"}],"curies":[{"name":"wp","href":"https:\/\/api.w.org\/{rel}","templated":true}]}}