{"id":5579,"date":"2020-12-08T10:49:44","date_gmt":"2020-12-08T13:49:44","guid":{"rendered":"https:\/\/www.tribunanf.com.br\/blogdoralfereis\/?p=5579"},"modified":"2020-12-08T10:49:44","modified_gmt":"2020-12-08T13:49:44","slug":"bolsonaro-reune-prefeitos-que-a-familia-ajudou-a-eleger-no-rio","status":"publish","type":"post","link":"https:\/\/www.tribunanf.com.br\/blogdoralfereis\/2020\/12\/08\/bolsonaro-reune-prefeitos-que-a-familia-ajudou-a-eleger-no-rio\/","title":{"rendered":"Bolsonaro re\u00fane prefeitos que a fam\u00edlia ajudou a eleger no Rio"},"content":{"rendered":"<p><img loading=\"lazy\" decoding=\"async\" class=\"aligncenter size-full wp-image-5580\" src=\"https:\/\/www.tribunanf.com.br\/blogdoralfereis\/wp-content\/uploads\/sites\/11\/2020\/12\/xprefeitos-eleitos-com-jair-bolsonaro.jpeg.jpg.pagespeed.ic_.bKDt2xkXdG.jpg\" alt=\"\" width=\"640\" height=\"360\" srcset=\"https:\/\/www.tribunanf.com.br\/blogdoralfereis\/wp-content\/uploads\/sites\/11\/2020\/12\/xprefeitos-eleitos-com-jair-bolsonaro.jpeg.jpg.pagespeed.ic_.bKDt2xkXdG.jpg 640w, https:\/\/www.tribunanf.com.br\/blogdoralfereis\/wp-content\/uploads\/sites\/11\/2020\/12\/xprefeitos-eleitos-com-jair-bolsonaro.jpeg.jpg.pagespeed.ic_.bKDt2xkXdG-300x169.jpg 300w\" sizes=\"auto, (max-width: 640px) 100vw, 640px\" \/><\/p>\n<p style=\"text-align: justify;\">Os novos prefeitos e vereadores ainda nem tomaram posse, mas j\u00e1 foi dada a largada para a campanha eleitoral de 2022. O presidente Jair Bolsonaro recebeu para o caf\u00e9 da manh\u00e3 no Pal\u00e1cio da Alvorada, nesta ter\u00e7a-feira (08), os eleitos que tiveram o apoio da fam\u00edlia na \u00faltima disputa.<\/p>\n<p style=\"text-align: justify;\">Com base na lei da reciprocidade pol\u00edtica, agora o presidente conta com Fernando Jord\u00e3o, de Angra dos Reis;Waguinho, de Belford Roxo; Washington Reis, de Duque de Caxias; Capit\u00e3o N\u00e9lson, de S\u00e3o Gon\u00e7alo; Jorge Miranda, de Mesquita; e Rog\u00e9rio Lisboa, de Nova Igua\u00e7u; na tropa de choque de sua campanha \u00e0 reelei\u00e7\u00e3o.<\/p>\n<p style=\"text-align: justify;\">Com as bases fincadas na Baixada, em S\u00e3o Gon\u00e7alo (segundo maior col\u00e9gio eleitoral do estado) e na Regi\u00e3o Sul, eles formar\u00e3o a coluna dorsal da base bolsonarista em terras fluminenses.<\/p>\n<p style=\"text-align: justify;\">Coluna Extra, Extra*<\/p>\n","protected":false},"excerpt":{"rendered":"<p>Os novos prefeitos e vereadores ainda nem tomaram posse, mas j\u00e1 foi dada a largada para a campanha eleitoral de&#8230;<\/p>\n","protected":false},"author":2,"featured_media":5580,"comment_status":"open","ping_status":"open","sticky":false,"template":"","format":"standard","meta":{"colormag_page_container_layout":"default_layout","colormag_page_sidebar_layout":"default_layout","jetpack_post_was_ever_published":false,"_jetpack_newsletter_access":"","_jetpack_dont_email_post_to_subs":false,"_jetpack_newsletter_tier_id":0,"_jetpack_memberships_contains_paywalled_content":false,"_jetpack_memberships_contains_paid_content":false,"footnotes":""},"categories":[2],"tags":[],"class_list":["post-5579","post","type-post","status-publish","format-standard","has-post-thumbnail","hentry","category-politica"],"jetpack_featured_media_url":"https:\/\/www.tribunanf.com.br\/blogdoralfereis\/wp-content\/uploads\/sites\/11\/2020\/12\/xprefeitos-eleitos-com-jair-bolsonaro.jpeg.jpg.pagespeed.ic_.bKDt2xkXdG.jpg","jetpack_sharing_enabled":true,"_links":{"self":[{"href":"https:\/\/www.tribunanf.com.br\/blogdoralfereis\/wp-json\/wp\/v2\/posts\/5579","targetHints":{"allow":["GET"]}}],"collection":[{"href":"https:\/\/www.tribunanf.com.br\/blogdoralfereis\/wp-json\/wp\/v2\/posts"}],"about":[{"href":"https:\/\/www.tribunanf.com.br\/blogdoralfereis\/wp-json\/wp\/v2\/types\/post"}],"author":[{"embeddable":true,"href":"https:\/\/www.tribunanf.com.br\/blogdoralfereis\/wp-json\/wp\/v2\/users\/2"}],"replies":[{"embeddable":true,"href":"https:\/\/www.tribunanf.com.br\/blogdoralfereis\/wp-json\/wp\/v2\/comments?post=5579"}],"version-history":[{"count":0,"href":"https:\/\/www.tribunanf.com.br\/blogdoralfereis\/wp-json\/wp\/v2\/posts\/5579\/revisions"}],"wp:featuredmedia":[{"embeddable":true,"href":"https:\/\/www.tribunanf.com.br\/blogdoralfereis\/wp-json\/wp\/v2\/media\/5580"}],"wp:attachment":[{"href":"https:\/\/www.tribunanf.com.br\/blogdoralfereis\/wp-json\/wp\/v2\/media?parent=5579"}],"wp:term":[{"taxonomy":"category","embeddable":true,"href":"https:\/\/www.tribunanf.com.br\/blogdoralfereis\/wp-json\/wp\/v2\/categories?post=5579"},{"taxonomy":"post_tag","embeddable":true,"href":"https:\/\/www.tribunanf.com.br\/blogdoralfereis\/wp-json\/wp\/v2\/tags?post=5579"}],"curies":[{"name":"wp","href":"https:\/\/api.w.org\/{rel}","templated":true}]}}