{"id":5539,"date":"2020-11-30T13:33:38","date_gmt":"2020-11-30T16:33:38","guid":{"rendered":"https:\/\/www.tribunanf.com.br\/blogdoralfereis\/?p=5539"},"modified":"2020-11-30T13:44:02","modified_gmt":"2020-11-30T16:44:02","slug":"wladimir-anuncia-primeiros-nomes-da-equipe-de-transicao","status":"publish","type":"post","link":"https:\/\/www.tribunanf.com.br\/blogdoralfereis\/2020\/11\/30\/wladimir-anuncia-primeiros-nomes-da-equipe-de-transicao\/","title":{"rendered":"Wladimir anuncia primeiros nomes da equipe de transi\u00e7\u00e3o"},"content":{"rendered":"<p><img loading=\"lazy\" decoding=\"async\" class=\"aligncenter size-full wp-image-4842\" src=\"https:\/\/www.tribunanf.com.br\/blogdoralfereis\/wp-content\/uploads\/sites\/11\/2020\/09\/wlad-e-frederico.jpg\" alt=\"\" width=\"650\" height=\"412\" srcset=\"https:\/\/www.tribunanf.com.br\/blogdoralfereis\/wp-content\/uploads\/sites\/11\/2020\/09\/wlad-e-frederico.jpg 650w, https:\/\/www.tribunanf.com.br\/blogdoralfereis\/wp-content\/uploads\/sites\/11\/2020\/09\/wlad-e-frederico-300x190.jpg 300w\" sizes=\"auto, (max-width: 650px) 100vw, 650px\" \/><\/p>\n<p style=\"text-align: justify;\">O prefeito eleito de Campos Wladimir Garotinho (PSD) concedeu, nesta segunda-feira (30), entrevista a Intertv, afiliada da Rede Globo, onde informou que vai entrar em contato com o prefeito Rafael Diniz para dar in\u00edcio a transi\u00e7\u00e3o de governo.<\/p>\n<p style=\"text-align: justify;\">Wladimir vai solicitar informa\u00e7\u00f5es urgentes para que possa logo no in\u00edcio do governo priorizar os sal\u00e1rios dos servidores e reabrir postos m\u00e9dicos. Ele tamb\u00e9m anunciou dois nomes da equipe de transi\u00e7\u00e3o na \u00e1rea da Sa\u00fade: o seu vice Frederico Paes e os ex-secret\u00e1rios de Sa\u00fade Paulo Hirano e Geraldo Ven\u00e2ncio.<\/p>\n<p style=\"text-align: justify;\">&#8220;Estaremos com nosso corpo t\u00e9cnico procurando fazer uma transi\u00e7\u00e3o tranquila, por\u00e9m com muita agilidade. Estamos em plena pandemia. Os doutores Geraldo Ven\u00e2ncio e Paulo Hirano ir\u00e3o nos ajudar com a experi\u00eancia de ex secret\u00e1rios de sa\u00fade\u201d declarou o vice-prefeito Frederico Paes.<\/p>\n","protected":false},"excerpt":{"rendered":"<p>O prefeito eleito de Campos Wladimir Garotinho (PSD) concedeu, nesta segunda-feira (30), entrevista a Intertv, afiliada da Rede Globo, onde&#8230;<\/p>\n","protected":false},"author":2,"featured_media":4842,"comment_status":"open","ping_status":"open","sticky":false,"template":"","format":"standard","meta":{"colormag_page_container_layout":"default_layout","colormag_page_sidebar_layout":"default_layout","jetpack_post_was_ever_published":false,"_jetpack_newsletter_access":"","_jetpack_dont_email_post_to_subs":false,"_jetpack_newsletter_tier_id":0,"_jetpack_memberships_contains_paywalled_content":false,"_jetpack_memberships_contains_paid_content":false,"footnotes":""},"categories":[2],"tags":[],"class_list":["post-5539","post","type-post","status-publish","format-standard","has-post-thumbnail","hentry","category-politica"],"jetpack_featured_media_url":"https:\/\/www.tribunanf.com.br\/blogdoralfereis\/wp-content\/uploads\/sites\/11\/2020\/09\/wlad-e-frederico.jpg","jetpack_sharing_enabled":true,"_links":{"self":[{"href":"https:\/\/www.tribunanf.com.br\/blogdoralfereis\/wp-json\/wp\/v2\/posts\/5539","targetHints":{"allow":["GET"]}}],"collection":[{"href":"https:\/\/www.tribunanf.com.br\/blogdoralfereis\/wp-json\/wp\/v2\/posts"}],"about":[{"href":"https:\/\/www.tribunanf.com.br\/blogdoralfereis\/wp-json\/wp\/v2\/types\/post"}],"author":[{"embeddable":true,"href":"https:\/\/www.tribunanf.com.br\/blogdoralfereis\/wp-json\/wp\/v2\/users\/2"}],"replies":[{"embeddable":true,"href":"https:\/\/www.tribunanf.com.br\/blogdoralfereis\/wp-json\/wp\/v2\/comments?post=5539"}],"version-history":[{"count":0,"href":"https:\/\/www.tribunanf.com.br\/blogdoralfereis\/wp-json\/wp\/v2\/posts\/5539\/revisions"}],"wp:featuredmedia":[{"embeddable":true,"href":"https:\/\/www.tribunanf.com.br\/blogdoralfereis\/wp-json\/wp\/v2\/media\/4842"}],"wp:attachment":[{"href":"https:\/\/www.tribunanf.com.br\/blogdoralfereis\/wp-json\/wp\/v2\/media?parent=5539"}],"wp:term":[{"taxonomy":"category","embeddable":true,"href":"https:\/\/www.tribunanf.com.br\/blogdoralfereis\/wp-json\/wp\/v2\/categories?post=5539"},{"taxonomy":"post_tag","embeddable":true,"href":"https:\/\/www.tribunanf.com.br\/blogdoralfereis\/wp-json\/wp\/v2\/tags?post=5539"}],"curies":[{"name":"wp","href":"https:\/\/api.w.org\/{rel}","templated":true}]}}