{"id":5506,"date":"2020-11-24T10:14:59","date_gmt":"2020-11-24T13:14:59","guid":{"rendered":"https:\/\/www.tribunanf.com.br\/blogdoralfereis\/?p=5506"},"modified":"2020-11-24T10:14:59","modified_gmt":"2020-11-24T13:14:59","slug":"vereador-nao-reeleito-jose-carlos-reforca-o-time-de-caio-vianna","status":"publish","type":"post","link":"https:\/\/www.tribunanf.com.br\/blogdoralfereis\/2020\/11\/24\/vereador-nao-reeleito-jose-carlos-reforca-o-time-de-caio-vianna\/","title":{"rendered":"Vereador n\u00e3o reeleito Jos\u00e9 Carlos refor\u00e7a o time de Caio Vianna"},"content":{"rendered":"<p><img loading=\"lazy\" decoding=\"async\" class=\"aligncenter size-large wp-image-5507\" src=\"https:\/\/www.tribunanf.com.br\/blogdoralfereis\/wp-content\/uploads\/sites\/11\/2020\/11\/127454808_1050190762061254_4046025351406431862_o-1024x683.jpg\" alt=\"\" width=\"800\" height=\"534\" srcset=\"https:\/\/www.tribunanf.com.br\/blogdoralfereis\/wp-content\/uploads\/sites\/11\/2020\/11\/127454808_1050190762061254_4046025351406431862_o-1024x683.jpg 1024w, https:\/\/www.tribunanf.com.br\/blogdoralfereis\/wp-content\/uploads\/sites\/11\/2020\/11\/127454808_1050190762061254_4046025351406431862_o-300x200.jpg 300w, https:\/\/www.tribunanf.com.br\/blogdoralfereis\/wp-content\/uploads\/sites\/11\/2020\/11\/127454808_1050190762061254_4046025351406431862_o-768x512.jpg 768w, https:\/\/www.tribunanf.com.br\/blogdoralfereis\/wp-content\/uploads\/sites\/11\/2020\/11\/127454808_1050190762061254_4046025351406431862_o-1536x1025.jpg 1536w, https:\/\/www.tribunanf.com.br\/blogdoralfereis\/wp-content\/uploads\/sites\/11\/2020\/11\/127454808_1050190762061254_4046025351406431862_o.jpg 2021w\" sizes=\"auto, (max-width: 800px) 100vw, 800px\" \/><\/p>\n<p style=\"text-align: justify;\">O vereador n\u00e3o reeleito Jos\u00e9 Carlos, da base do governo Rafael Diniz, declarou apoio ao candidato Caio Vianna (PDT).<\/p>\n<p style=\"text-align: justify;\">&#8220;Eu nunca fui covarde de ficar em cima do muro e n\u00e3o seria agora que assumiria esse papel.<br \/>\nH\u00e1 4 anos andei com Caio Vianna e o amigo Gil Vianna como vice na chapa. Nessa \u00e9poca, conheci Caio e conversamos muito.\u00a0 Assim foi feito novamente. Conversei com ele e com seu pai Arnaldo, que \u00e9 querido por todo canto desse munic\u00edpio, e fiz minha decis\u00e3o de declarar o meu apoio e do meu grupo ao Caio Vianna.&#8221;, disse Jos\u00e9 Carlos nas redes sociais.<\/p>\n<p>Em \u00e1udios nos grupos de whatsapp, Jos\u00e9 Carlos tem pedido empenho do grupo Rafaelista para eleger Caio.<\/p>\n","protected":false},"excerpt":{"rendered":"<p>O vereador n\u00e3o reeleito Jos\u00e9 Carlos, da base do governo Rafael Diniz, declarou apoio ao candidato Caio Vianna (PDT). &#8220;Eu&#8230;<\/p>\n","protected":false},"author":2,"featured_media":5507,"comment_status":"open","ping_status":"open","sticky":false,"template":"","format":"standard","meta":{"colormag_page_container_layout":"default_layout","colormag_page_sidebar_layout":"default_layout","jetpack_post_was_ever_published":false,"_jetpack_newsletter_access":"","_jetpack_dont_email_post_to_subs":false,"_jetpack_newsletter_tier_id":0,"_jetpack_memberships_contains_paywalled_content":false,"_jetpack_memberships_contains_paid_content":false,"footnotes":""},"categories":[2],"tags":[],"class_list":["post-5506","post","type-post","status-publish","format-standard","has-post-thumbnail","hentry","category-politica"],"jetpack_featured_media_url":"https:\/\/www.tribunanf.com.br\/blogdoralfereis\/wp-content\/uploads\/sites\/11\/2020\/11\/127454808_1050190762061254_4046025351406431862_o.jpg","jetpack_sharing_enabled":true,"_links":{"self":[{"href":"https:\/\/www.tribunanf.com.br\/blogdoralfereis\/wp-json\/wp\/v2\/posts\/5506","targetHints":{"allow":["GET"]}}],"collection":[{"href":"https:\/\/www.tribunanf.com.br\/blogdoralfereis\/wp-json\/wp\/v2\/posts"}],"about":[{"href":"https:\/\/www.tribunanf.com.br\/blogdoralfereis\/wp-json\/wp\/v2\/types\/post"}],"author":[{"embeddable":true,"href":"https:\/\/www.tribunanf.com.br\/blogdoralfereis\/wp-json\/wp\/v2\/users\/2"}],"replies":[{"embeddable":true,"href":"https:\/\/www.tribunanf.com.br\/blogdoralfereis\/wp-json\/wp\/v2\/comments?post=5506"}],"version-history":[{"count":0,"href":"https:\/\/www.tribunanf.com.br\/blogdoralfereis\/wp-json\/wp\/v2\/posts\/5506\/revisions"}],"wp:featuredmedia":[{"embeddable":true,"href":"https:\/\/www.tribunanf.com.br\/blogdoralfereis\/wp-json\/wp\/v2\/media\/5507"}],"wp:attachment":[{"href":"https:\/\/www.tribunanf.com.br\/blogdoralfereis\/wp-json\/wp\/v2\/media?parent=5506"}],"wp:term":[{"taxonomy":"category","embeddable":true,"href":"https:\/\/www.tribunanf.com.br\/blogdoralfereis\/wp-json\/wp\/v2\/categories?post=5506"},{"taxonomy":"post_tag","embeddable":true,"href":"https:\/\/www.tribunanf.com.br\/blogdoralfereis\/wp-json\/wp\/v2\/tags?post=5506"}],"curies":[{"name":"wp","href":"https:\/\/api.w.org\/{rel}","templated":true}]}}