{"id":5498,"date":"2020-11-23T15:50:11","date_gmt":"2020-11-23T18:50:11","guid":{"rendered":"https:\/\/www.tribunanf.com.br\/blogdoralfereis\/?p=5498"},"modified":"2020-11-23T15:50:11","modified_gmt":"2020-11-23T18:50:11","slug":"presidente-da-republica-prorroga-gabinete-de-intervencao-federal-no-rj-ate-2021","status":"publish","type":"post","link":"https:\/\/www.tribunanf.com.br\/blogdoralfereis\/2020\/11\/23\/presidente-da-republica-prorroga-gabinete-de-intervencao-federal-no-rj-ate-2021\/","title":{"rendered":"Presidente da Rep\u00fablica prorroga Gabinete de Interven\u00e7\u00e3o Federal no RJ at\u00e9 2021"},"content":{"rendered":"<p><img loading=\"lazy\" decoding=\"async\" class=\"aligncenter size-full wp-image-3755\" src=\"https:\/\/www.tribunanf.com.br\/blogdoralfereis\/wp-content\/uploads\/sites\/11\/2020\/04\/bolsonaro-31032020185355283.jpeg\" alt=\"\" width=\"760\" height=\"415\" srcset=\"https:\/\/www.tribunanf.com.br\/blogdoralfereis\/wp-content\/uploads\/sites\/11\/2020\/04\/bolsonaro-31032020185355283.jpeg 760w, https:\/\/www.tribunanf.com.br\/blogdoralfereis\/wp-content\/uploads\/sites\/11\/2020\/04\/bolsonaro-31032020185355283-300x164.jpeg 300w\" sizes=\"auto, (max-width: 760px) 100vw, 760px\" \/><\/p>\n<p style=\"text-align: justify;\">O presidente Jair Bolsonaro publicou um decreto que prorroga o funcionamento do Gabinete de Interven\u00e7\u00e3o Federal no Rio de Janeiro at\u00e9 2021. O objetivo da estrutura \u00e9 fazer uma presta\u00e7\u00e3o de contas e, de acordo com o Governo do Rio, entregar equipamentos que tinham chegada prevista at\u00e9 2019.<\/p>\n<p style=\"text-align: justify;\">&#8220;O Gabinete de Interven\u00e7\u00e3o Federal no Estado do Rio de Janeiro encerrar\u00e1 suas atividades at\u00e9 1\u00ba de dezembro de 2021, quando os cargos em comiss\u00e3o alocados em sua Estrutura Regimental ser\u00e3o remanejados para a Secretaria de Gest\u00e3o da Secretaria Especial de Desburocratiza\u00e7\u00e3o, Gest\u00e3o e Governo Digital do Minist\u00e9rio da Economia e seus ocupantes ficar\u00e3o automaticamente exonerados&#8221;, diz o texto publicado no Di\u00e1rio Oficial da Uni\u00e3o nesta segunda-feira (23).<\/p>\n<p style=\"text-align: justify;\">O Gabinete de Interven\u00e7\u00e3o Federal no Rio de Janeiro foi criado em fevereiro de 2018 para intervir na seguran\u00e7a p\u00fablica do Estado. At\u00e9 seu \u00faltimo m\u00eas de vig\u00eancia, tinha utilizado menos de 30% do valor de R$ 1,2 bilh\u00e3o empenhado.<\/p>\n<p style=\"text-align: justify;\">Em entrevista, o vice-presidente Hamilton Mour\u00e3o afirmou que helic\u00f3pteros ainda n\u00e3o foram entregues \u00e0s autoridades de seguran\u00e7a do Rio.<\/p>\n<p style=\"text-align: justify;\">&#8220;N\u00e3o foram entregues ainda equipamentos. Se eu n\u00e3o me engano, s\u00e3o dois ou tr\u00eas helic\u00f3pteros, mais alguma coisa. Ent\u00e3o, enquanto n\u00e3o liquidar isso tem que ter gente respons\u00e1vel porque as compras governamentais n\u00e3o s\u00e3o simples&#8221;, disse Mour\u00e3o.<\/p>\n<p style=\"text-align: justify;\">O vice-presidente alertou ainda que a pandemia de Covid-19 teria sido usada como desculpa para o fornecedor n\u00e3o entregar os equipamentos.<\/p>\n<p style=\"text-align: justify;\">&#8220;Quem tinha que entregar, n\u00e3o entregou e alega que pela quest\u00e3o da pandemia n\u00e3o p\u00f4de produzir o equipamento. S\u00e3o helic\u00f3pteros blindados, ent\u00e3o \u00e9 equipamento diferenciado&#8221;.<\/p>\n<p style=\"text-align: justify;\">Procurado, o Governo do Estado afirmou que o gabinete segue como um instrumento de presta\u00e7\u00e3o de contas. J\u00e1 o Comando Militar do Leste n\u00e3o respondeu ao G1 at\u00e9 a publica\u00e7\u00e3o desta reportagem.<\/p>\n<p style=\"text-align: justify;\">G1*<\/p>\n","protected":false},"excerpt":{"rendered":"<p>O presidente Jair Bolsonaro publicou um decreto que prorroga o funcionamento do Gabinete de Interven\u00e7\u00e3o Federal no Rio de Janeiro&#8230;<\/p>\n","protected":false},"author":2,"featured_media":3755,"comment_status":"open","ping_status":"open","sticky":false,"template":"","format":"standard","meta":{"colormag_page_container_layout":"default_layout","colormag_page_sidebar_layout":"default_layout","jetpack_post_was_ever_published":false,"_jetpack_newsletter_access":"","_jetpack_dont_email_post_to_subs":false,"_jetpack_newsletter_tier_id":0,"_jetpack_memberships_contains_paywalled_content":false,"_jetpack_memberships_contains_paid_content":false,"footnotes":""},"categories":[2],"tags":[],"class_list":["post-5498","post","type-post","status-publish","format-standard","has-post-thumbnail","hentry","category-politica"],"jetpack_featured_media_url":"https:\/\/www.tribunanf.com.br\/blogdoralfereis\/wp-content\/uploads\/sites\/11\/2020\/04\/bolsonaro-31032020185355283.jpeg","jetpack_sharing_enabled":true,"_links":{"self":[{"href":"https:\/\/www.tribunanf.com.br\/blogdoralfereis\/wp-json\/wp\/v2\/posts\/5498","targetHints":{"allow":["GET"]}}],"collection":[{"href":"https:\/\/www.tribunanf.com.br\/blogdoralfereis\/wp-json\/wp\/v2\/posts"}],"about":[{"href":"https:\/\/www.tribunanf.com.br\/blogdoralfereis\/wp-json\/wp\/v2\/types\/post"}],"author":[{"embeddable":true,"href":"https:\/\/www.tribunanf.com.br\/blogdoralfereis\/wp-json\/wp\/v2\/users\/2"}],"replies":[{"embeddable":true,"href":"https:\/\/www.tribunanf.com.br\/blogdoralfereis\/wp-json\/wp\/v2\/comments?post=5498"}],"version-history":[{"count":0,"href":"https:\/\/www.tribunanf.com.br\/blogdoralfereis\/wp-json\/wp\/v2\/posts\/5498\/revisions"}],"wp:featuredmedia":[{"embeddable":true,"href":"https:\/\/www.tribunanf.com.br\/blogdoralfereis\/wp-json\/wp\/v2\/media\/3755"}],"wp:attachment":[{"href":"https:\/\/www.tribunanf.com.br\/blogdoralfereis\/wp-json\/wp\/v2\/media?parent=5498"}],"wp:term":[{"taxonomy":"category","embeddable":true,"href":"https:\/\/www.tribunanf.com.br\/blogdoralfereis\/wp-json\/wp\/v2\/categories?post=5498"},{"taxonomy":"post_tag","embeddable":true,"href":"https:\/\/www.tribunanf.com.br\/blogdoralfereis\/wp-json\/wp\/v2\/tags?post=5498"}],"curies":[{"name":"wp","href":"https:\/\/api.w.org\/{rel}","templated":true}]}}