{"id":5487,"date":"2020-11-20T12:17:51","date_gmt":"2020-11-20T15:17:51","guid":{"rendered":"https:\/\/www.tribunanf.com.br\/blogdoralfereis\/?p=5487"},"modified":"2020-11-20T12:17:51","modified_gmt":"2020-11-20T15:17:51","slug":"vereador-eleito-marcione-da-farmacia-declara-apoio-a-wladimir","status":"publish","type":"post","link":"https:\/\/www.tribunanf.com.br\/blogdoralfereis\/2020\/11\/20\/vereador-eleito-marcione-da-farmacia-declara-apoio-a-wladimir\/","title":{"rendered":"Vereador eleito Marcione da Farm\u00e1cia declara apoio a Wladimir"},"content":{"rendered":"<p><img loading=\"lazy\" decoding=\"async\" class=\"aligncenter size-full wp-image-5488\" src=\"https:\/\/www.tribunanf.com.br\/blogdoralfereis\/wp-content\/uploads\/sites\/11\/2020\/11\/126516232_1296778580714983_8418264495273231643_n.jpg\" alt=\"\" width=\"526\" height=\"526\" srcset=\"https:\/\/www.tribunanf.com.br\/blogdoralfereis\/wp-content\/uploads\/sites\/11\/2020\/11\/126516232_1296778580714983_8418264495273231643_n.jpg 526w, https:\/\/www.tribunanf.com.br\/blogdoralfereis\/wp-content\/uploads\/sites\/11\/2020\/11\/126516232_1296778580714983_8418264495273231643_n-300x300.jpg 300w, https:\/\/www.tribunanf.com.br\/blogdoralfereis\/wp-content\/uploads\/sites\/11\/2020\/11\/126516232_1296778580714983_8418264495273231643_n-150x150.jpg 150w\" sizes=\"auto, (max-width: 526px) 100vw, 526px\" \/><\/p>\n<p style=\"text-align: justify;\">O vereador eleito para o primeiro mandato, Marcione da Farm\u00e1cia, que apoiou Dr. Bruno no 1\u00ba turno, fechou apoio a Wladimir Garotinho.<\/p>\n<p style=\"text-align: justify;\">&#8220;Caros amigos, vencemos uma batalha, mas a luta continua ao lado do Wladimir Garotinho 55 que contar\u00e1 com nosso apoio e comprometimento. O momento \u00e9 de uni\u00e3o e di\u00e1logo para um bem maior: a transforma\u00e7\u00e3o de nossa cidade. Com isso, convido voc\u00ea, sua fam\u00edlia e amigos para que nesta tarde esteja conosco para ouvir de perto as propostas do candidato para o nosso munic\u00edpio.&#8221;, disse Marcione nas redes sociais.<\/p>\n","protected":false},"excerpt":{"rendered":"<p>O vereador eleito para o primeiro mandato, Marcione da Farm\u00e1cia, que apoiou Dr. Bruno no 1\u00ba turno, fechou apoio a&#8230;<\/p>\n","protected":false},"author":2,"featured_media":5488,"comment_status":"open","ping_status":"open","sticky":false,"template":"","format":"standard","meta":{"colormag_page_container_layout":"default_layout","colormag_page_sidebar_layout":"default_layout","jetpack_post_was_ever_published":false,"_jetpack_newsletter_access":"","_jetpack_dont_email_post_to_subs":false,"_jetpack_newsletter_tier_id":0,"_jetpack_memberships_contains_paywalled_content":false,"_jetpack_memberships_contains_paid_content":false,"footnotes":""},"categories":[2],"tags":[],"class_list":["post-5487","post","type-post","status-publish","format-standard","has-post-thumbnail","hentry","category-politica"],"jetpack_featured_media_url":"https:\/\/www.tribunanf.com.br\/blogdoralfereis\/wp-content\/uploads\/sites\/11\/2020\/11\/126516232_1296778580714983_8418264495273231643_n.jpg","jetpack_sharing_enabled":true,"_links":{"self":[{"href":"https:\/\/www.tribunanf.com.br\/blogdoralfereis\/wp-json\/wp\/v2\/posts\/5487","targetHints":{"allow":["GET"]}}],"collection":[{"href":"https:\/\/www.tribunanf.com.br\/blogdoralfereis\/wp-json\/wp\/v2\/posts"}],"about":[{"href":"https:\/\/www.tribunanf.com.br\/blogdoralfereis\/wp-json\/wp\/v2\/types\/post"}],"author":[{"embeddable":true,"href":"https:\/\/www.tribunanf.com.br\/blogdoralfereis\/wp-json\/wp\/v2\/users\/2"}],"replies":[{"embeddable":true,"href":"https:\/\/www.tribunanf.com.br\/blogdoralfereis\/wp-json\/wp\/v2\/comments?post=5487"}],"version-history":[{"count":0,"href":"https:\/\/www.tribunanf.com.br\/blogdoralfereis\/wp-json\/wp\/v2\/posts\/5487\/revisions"}],"wp:featuredmedia":[{"embeddable":true,"href":"https:\/\/www.tribunanf.com.br\/blogdoralfereis\/wp-json\/wp\/v2\/media\/5488"}],"wp:attachment":[{"href":"https:\/\/www.tribunanf.com.br\/blogdoralfereis\/wp-json\/wp\/v2\/media?parent=5487"}],"wp:term":[{"taxonomy":"category","embeddable":true,"href":"https:\/\/www.tribunanf.com.br\/blogdoralfereis\/wp-json\/wp\/v2\/categories?post=5487"},{"taxonomy":"post_tag","embeddable":true,"href":"https:\/\/www.tribunanf.com.br\/blogdoralfereis\/wp-json\/wp\/v2\/tags?post=5487"}],"curies":[{"name":"wp","href":"https:\/\/api.w.org\/{rel}","templated":true}]}}