{"id":5458,"date":"2020-11-18T19:24:01","date_gmt":"2020-11-18T22:24:01","guid":{"rendered":"https:\/\/www.tribunanf.com.br\/blogdoralfereis\/?p=5458"},"modified":"2020-11-18T19:24:01","modified_gmt":"2020-11-18T22:24:01","slug":"rodrigo-bacellar-anuncia-neutralidade-no-2o-turno-e-libera-vereadores-e-liderancas-do-seu-grupo","status":"publish","type":"post","link":"https:\/\/www.tribunanf.com.br\/blogdoralfereis\/2020\/11\/18\/rodrigo-bacellar-anuncia-neutralidade-no-2o-turno-e-libera-vereadores-e-liderancas-do-seu-grupo\/","title":{"rendered":"Rodrigo Bacellar anuncia neutralidade no 2\u00ba turno, e libera vereadores e lideran\u00e7as do seu grupo"},"content":{"rendered":"<p><img loading=\"lazy\" decoding=\"async\" class=\"aligncenter size-full wp-image-5459\" src=\"https:\/\/www.tribunanf.com.br\/blogdoralfereis\/wp-content\/uploads\/sites\/11\/2020\/11\/rodrigo-bacellar.jpg\" alt=\"\" width=\"960\" height=\"640\" srcset=\"https:\/\/www.tribunanf.com.br\/blogdoralfereis\/wp-content\/uploads\/sites\/11\/2020\/11\/rodrigo-bacellar.jpg 960w, https:\/\/www.tribunanf.com.br\/blogdoralfereis\/wp-content\/uploads\/sites\/11\/2020\/11\/rodrigo-bacellar-300x200.jpg 300w, https:\/\/www.tribunanf.com.br\/blogdoralfereis\/wp-content\/uploads\/sites\/11\/2020\/11\/rodrigo-bacellar-768x512.jpg 768w\" sizes=\"auto, (max-width: 960px) 100vw, 960px\" \/><\/p>\n<p style=\"text-align: justify;\">O deputado estadual Rodrigo Bacellar (SD) se manifestou nas redes sociais sobre o 2\u00ba turno das elei\u00e7\u00f5es, onde concorrem \u00e0 prefeitura de Campos Wladimir Garotinho e Caio Vianna.<\/p>\n<p style=\"text-align: justify;\">Bacellar, que lidera um grupo e lan\u00e7ou Dr. Bruno Calil no primeiro turno, onde obteve 32 mil votos e elegeu seis vereadores na coliga\u00e7\u00e3o, declarou neutralidade. Rodrigo tamb\u00e9m liberou os vereadores, candidatos e lideran\u00e7as para apoiarem quem quiserem.<\/p>\n<p>Leia a nota:<\/p>\n<div class=\"fb-post\" data-href=\"https:\/\/www.facebook.com\/rodrigobacellaroficial\/photos\/a.1952599861670270\/2729537100643205\/\" data-width=\"552\" style=\"background-color: #fff; display: inline-block;\"><\/div>\n","protected":false},"excerpt":{"rendered":"<p>O deputado estadual Rodrigo Bacellar (SD) se manifestou nas redes sociais sobre o 2\u00ba turno das elei\u00e7\u00f5es, onde concorrem \u00e0&#8230;<\/p>\n","protected":false},"author":2,"featured_media":5459,"comment_status":"open","ping_status":"open","sticky":false,"template":"","format":"standard","meta":{"colormag_page_container_layout":"default_layout","colormag_page_sidebar_layout":"default_layout","jetpack_post_was_ever_published":false,"_jetpack_newsletter_access":"","_jetpack_dont_email_post_to_subs":false,"_jetpack_newsletter_tier_id":0,"_jetpack_memberships_contains_paywalled_content":false,"_jetpack_memberships_contains_paid_content":false,"footnotes":""},"categories":[2],"tags":[],"class_list":["post-5458","post","type-post","status-publish","format-standard","has-post-thumbnail","hentry","category-politica"],"jetpack_featured_media_url":"https:\/\/www.tribunanf.com.br\/blogdoralfereis\/wp-content\/uploads\/sites\/11\/2020\/11\/rodrigo-bacellar.jpg","jetpack_sharing_enabled":true,"_links":{"self":[{"href":"https:\/\/www.tribunanf.com.br\/blogdoralfereis\/wp-json\/wp\/v2\/posts\/5458","targetHints":{"allow":["GET"]}}],"collection":[{"href":"https:\/\/www.tribunanf.com.br\/blogdoralfereis\/wp-json\/wp\/v2\/posts"}],"about":[{"href":"https:\/\/www.tribunanf.com.br\/blogdoralfereis\/wp-json\/wp\/v2\/types\/post"}],"author":[{"embeddable":true,"href":"https:\/\/www.tribunanf.com.br\/blogdoralfereis\/wp-json\/wp\/v2\/users\/2"}],"replies":[{"embeddable":true,"href":"https:\/\/www.tribunanf.com.br\/blogdoralfereis\/wp-json\/wp\/v2\/comments?post=5458"}],"version-history":[{"count":0,"href":"https:\/\/www.tribunanf.com.br\/blogdoralfereis\/wp-json\/wp\/v2\/posts\/5458\/revisions"}],"wp:featuredmedia":[{"embeddable":true,"href":"https:\/\/www.tribunanf.com.br\/blogdoralfereis\/wp-json\/wp\/v2\/media\/5459"}],"wp:attachment":[{"href":"https:\/\/www.tribunanf.com.br\/blogdoralfereis\/wp-json\/wp\/v2\/media?parent=5458"}],"wp:term":[{"taxonomy":"category","embeddable":true,"href":"https:\/\/www.tribunanf.com.br\/blogdoralfereis\/wp-json\/wp\/v2\/categories?post=5458"},{"taxonomy":"post_tag","embeddable":true,"href":"https:\/\/www.tribunanf.com.br\/blogdoralfereis\/wp-json\/wp\/v2\/tags?post=5458"}],"curies":[{"name":"wp","href":"https:\/\/api.w.org\/{rel}","templated":true}]}}