{"id":5456,"date":"2020-11-18T15:55:47","date_gmt":"2020-11-18T18:55:47","guid":{"rendered":"https:\/\/www.tribunanf.com.br\/blogdoralfereis\/?p=5456"},"modified":"2020-11-18T15:55:47","modified_gmt":"2020-11-18T18:55:47","slug":"stj-mantem-presos-pastor-everaldo-lucas-tristao-mario-peixoto-e-outros-alvos-de-operacao-contra-witzel","status":"publish","type":"post","link":"https:\/\/www.tribunanf.com.br\/blogdoralfereis\/2020\/11\/18\/stj-mantem-presos-pastor-everaldo-lucas-tristao-mario-peixoto-e-outros-alvos-de-operacao-contra-witzel\/","title":{"rendered":"STJ mant\u00e9m presos pastor Everaldo, Lucas Trist\u00e3o, M\u00e1rio Peixoto e outros alvos de opera\u00e7\u00e3o contra Witzel"},"content":{"rendered":"<p><img loading=\"lazy\" decoding=\"async\" class=\"aligncenter size-full wp-image-4095\" src=\"https:\/\/www.tribunanf.com.br\/blogdoralfereis\/wp-content\/uploads\/sites\/11\/2020\/05\/tristao-witzel.jpg\" alt=\"\" width=\"800\" height=\"445\" srcset=\"https:\/\/www.tribunanf.com.br\/blogdoralfereis\/wp-content\/uploads\/sites\/11\/2020\/05\/tristao-witzel.jpg 800w, https:\/\/www.tribunanf.com.br\/blogdoralfereis\/wp-content\/uploads\/sites\/11\/2020\/05\/tristao-witzel-300x167.jpg 300w, https:\/\/www.tribunanf.com.br\/blogdoralfereis\/wp-content\/uploads\/sites\/11\/2020\/05\/tristao-witzel-768x427.jpg 768w\" sizes=\"auto, (max-width: 800px) 100vw, 800px\" \/><\/p>\n<p style=\"text-align: justify;\">O STJ manteve nesta quarta-feira as pris\u00f5es preventivas do Pastor Everaldo, Lucas Trist\u00e3o, M\u00e1rio Peixoto e outros alvos da opera\u00e7\u00e3o Tris In Idem, que detalhou o suposto esquema de loteamento de contratos e cargos na gest\u00e3o do governador afastado do Rio, Wilson Witzel (PSC).<\/p>\n<p style=\"text-align: justify;\">Al\u00e9m do presidente nacional do PSC, que est\u00e1 detido desde o final de agosto em Bangu, do ex-bra\u00e7o-direito de Witzel e do empres\u00e1rio, continuar\u00e3o presos Juan Neves, Gothardo Netto, Jos\u00e9 Carlos de Melo e Victor Hugo Amaral Barroso.<\/p>\n<p style=\"text-align: justify;\">A maioria dos ministros seguiu o voto do relator, Benedito Gon\u00e7alves. Para ele, ainda h\u00e1 motivos para manter as pris\u00f5es tendo em vista o \u201cpapel de destaque\u201d dos personagens e a \u201cimputa\u00e7\u00e3o de fatos graves\u201d feitas pelo Minist\u00e9rio P\u00fablico Federal a eles.<\/p>\n<p>Fonte: Radar Online, Veja<\/p>\n","protected":false},"excerpt":{"rendered":"<p>O STJ manteve nesta quarta-feira as pris\u00f5es preventivas do Pastor Everaldo, Lucas Trist\u00e3o, M\u00e1rio Peixoto e outros alvos da opera\u00e7\u00e3o&#8230;<\/p>\n","protected":false},"author":2,"featured_media":4095,"comment_status":"open","ping_status":"open","sticky":false,"template":"","format":"standard","meta":{"colormag_page_container_layout":"default_layout","colormag_page_sidebar_layout":"default_layout","jetpack_post_was_ever_published":false,"_jetpack_newsletter_access":"","_jetpack_dont_email_post_to_subs":false,"_jetpack_newsletter_tier_id":0,"_jetpack_memberships_contains_paywalled_content":false,"_jetpack_memberships_contains_paid_content":false,"footnotes":""},"categories":[2],"tags":[],"class_list":["post-5456","post","type-post","status-publish","format-standard","has-post-thumbnail","hentry","category-politica"],"jetpack_featured_media_url":"https:\/\/www.tribunanf.com.br\/blogdoralfereis\/wp-content\/uploads\/sites\/11\/2020\/05\/tristao-witzel.jpg","jetpack_sharing_enabled":true,"_links":{"self":[{"href":"https:\/\/www.tribunanf.com.br\/blogdoralfereis\/wp-json\/wp\/v2\/posts\/5456","targetHints":{"allow":["GET"]}}],"collection":[{"href":"https:\/\/www.tribunanf.com.br\/blogdoralfereis\/wp-json\/wp\/v2\/posts"}],"about":[{"href":"https:\/\/www.tribunanf.com.br\/blogdoralfereis\/wp-json\/wp\/v2\/types\/post"}],"author":[{"embeddable":true,"href":"https:\/\/www.tribunanf.com.br\/blogdoralfereis\/wp-json\/wp\/v2\/users\/2"}],"replies":[{"embeddable":true,"href":"https:\/\/www.tribunanf.com.br\/blogdoralfereis\/wp-json\/wp\/v2\/comments?post=5456"}],"version-history":[{"count":0,"href":"https:\/\/www.tribunanf.com.br\/blogdoralfereis\/wp-json\/wp\/v2\/posts\/5456\/revisions"}],"wp:featuredmedia":[{"embeddable":true,"href":"https:\/\/www.tribunanf.com.br\/blogdoralfereis\/wp-json\/wp\/v2\/media\/4095"}],"wp:attachment":[{"href":"https:\/\/www.tribunanf.com.br\/blogdoralfereis\/wp-json\/wp\/v2\/media?parent=5456"}],"wp:term":[{"taxonomy":"category","embeddable":true,"href":"https:\/\/www.tribunanf.com.br\/blogdoralfereis\/wp-json\/wp\/v2\/categories?post=5456"},{"taxonomy":"post_tag","embeddable":true,"href":"https:\/\/www.tribunanf.com.br\/blogdoralfereis\/wp-json\/wp\/v2\/tags?post=5456"}],"curies":[{"name":"wp","href":"https:\/\/api.w.org\/{rel}","templated":true}]}}