{"id":5446,"date":"2020-11-16T00:55:16","date_gmt":"2020-11-16T03:55:16","guid":{"rendered":"https:\/\/www.tribunanf.com.br\/blogdoralfereis\/?p=5446"},"modified":"2020-11-16T00:55:16","modified_gmt":"2020-11-16T03:55:16","slug":"veja-os-25-vereadores-eleitos-em-campos","status":"publish","type":"post","link":"https:\/\/www.tribunanf.com.br\/blogdoralfereis\/2020\/11\/16\/veja-os-25-vereadores-eleitos-em-campos\/","title":{"rendered":"Veja os 25 vereadores eleitos em Campos"},"content":{"rendered":"<p><img loading=\"lazy\" decoding=\"async\" class=\"aligncenter size-large wp-image-463\" src=\"https:\/\/www.tribunanf.com.br\/blogdoralfereis\/wp-content\/uploads\/sites\/11\/2018\/07\/Camara-campos-1024x680.jpg\" alt=\"\" width=\"800\" height=\"531\" srcset=\"https:\/\/www.tribunanf.com.br\/blogdoralfereis\/wp-content\/uploads\/sites\/11\/2018\/07\/Camara-campos-1024x680.jpg 1024w, https:\/\/www.tribunanf.com.br\/blogdoralfereis\/wp-content\/uploads\/sites\/11\/2018\/07\/Camara-campos-300x199.jpg 300w, https:\/\/www.tribunanf.com.br\/blogdoralfereis\/wp-content\/uploads\/sites\/11\/2018\/07\/Camara-campos-768x510.jpg 768w, https:\/\/www.tribunanf.com.br\/blogdoralfereis\/wp-content\/uploads\/sites\/11\/2018\/07\/Camara-campos.jpg 1600w\" sizes=\"auto, (max-width: 800px) 100vw, 800px\" \/><\/p>\n<p>Com 100% das urnas apuradas, veja os vereadores eleitos e suplentes do partido.<\/p>\n<p>CIDADANIA 1 &#8211; Fred Machado (suplente: Tony Siqueira)<\/p>\n<p>AVANTE 1 &#8211; Dr. Abdu Neme (suplente: Andr\u00e9 Oliveira)<\/p>\n<p>MDB 1 &#8211; Silvinho Martins (suplente: Pastor Isaias)<\/p>\n<p>DEM 2 &#8211; Rog\u00e9rio Matoso e Marcione da Farm\u00e1cia (suplente: N\u00e9ia)<\/p>\n<p>PDT 3 &#8211; Marquinho do Transporte, Luciano Rio Lu e Leon Gomes (suplente: Paulo Arantes)<\/p>\n<p>PL 1 &#8211; Bruno Pez\u00e3o (suplente: Valdinei)<\/p>\n<p>PSC 2 &#8211; Maicon Cruz e Pastor Marcos Elias (suplente: Rosinali do Ren\u00ea)<\/p>\n<p>PSD 4 &#8211; Fabio Ribeiro, Fred Rangel, Dandinho de Alciones de Rio Preto e Kassiano Tavares (suplente: \u00c1lvaro Oliveira)<\/p>\n<p>PSL 2 &#8211; Bruno Vianna e Nildo Cardoso (suplente: Luiz Azeredo)<\/p>\n<p>PROS 2 &#8211; Thiago Rangel e Juninho Virg\u00edlio (suplente: Edson Batista)<\/p>\n<p>PTC 1 &#8211; Helinho Nahim (suplente: Eduardo Terra)<\/p>\n<p>PTB 1 &#8211; Raphael Thuin (suplente: Cl\u00e1udio Andrade)<\/p>\n<p>PODEMOS 1 &#8211; Cabo Alonsimar (suplente: Diego Dias)<\/p>\n<p>SOLIDARIEDADE 2 &#8211; Marquinho Bacellar e Igor Pereira (suplente: Beto Aben\u00e7oado)<\/p>\n<p>REPUBLICANOS 1 &#8211; Anderson de Matos (suplente: CVC da Direita)<\/p>\n","protected":false},"excerpt":{"rendered":"<p>Com 100% das urnas apuradas, veja os vereadores eleitos e suplentes do partido. CIDADANIA 1 &#8211; Fred Machado (suplente: Tony&#8230;<\/p>\n","protected":false},"author":2,"featured_media":463,"comment_status":"open","ping_status":"open","sticky":false,"template":"","format":"standard","meta":{"colormag_page_container_layout":"default_layout","colormag_page_sidebar_layout":"default_layout","jetpack_post_was_ever_published":false,"_jetpack_newsletter_access":"","_jetpack_dont_email_post_to_subs":false,"_jetpack_newsletter_tier_id":0,"_jetpack_memberships_contains_paywalled_content":false,"_jetpack_memberships_contains_paid_content":false,"footnotes":""},"categories":[2],"tags":[],"class_list":["post-5446","post","type-post","status-publish","format-standard","has-post-thumbnail","hentry","category-politica"],"jetpack_featured_media_url":"https:\/\/www.tribunanf.com.br\/blogdoralfereis\/wp-content\/uploads\/sites\/11\/2018\/07\/Camara-campos.jpg","jetpack_sharing_enabled":true,"_links":{"self":[{"href":"https:\/\/www.tribunanf.com.br\/blogdoralfereis\/wp-json\/wp\/v2\/posts\/5446","targetHints":{"allow":["GET"]}}],"collection":[{"href":"https:\/\/www.tribunanf.com.br\/blogdoralfereis\/wp-json\/wp\/v2\/posts"}],"about":[{"href":"https:\/\/www.tribunanf.com.br\/blogdoralfereis\/wp-json\/wp\/v2\/types\/post"}],"author":[{"embeddable":true,"href":"https:\/\/www.tribunanf.com.br\/blogdoralfereis\/wp-json\/wp\/v2\/users\/2"}],"replies":[{"embeddable":true,"href":"https:\/\/www.tribunanf.com.br\/blogdoralfereis\/wp-json\/wp\/v2\/comments?post=5446"}],"version-history":[{"count":0,"href":"https:\/\/www.tribunanf.com.br\/blogdoralfereis\/wp-json\/wp\/v2\/posts\/5446\/revisions"}],"wp:featuredmedia":[{"embeddable":true,"href":"https:\/\/www.tribunanf.com.br\/blogdoralfereis\/wp-json\/wp\/v2\/media\/463"}],"wp:attachment":[{"href":"https:\/\/www.tribunanf.com.br\/blogdoralfereis\/wp-json\/wp\/v2\/media?parent=5446"}],"wp:term":[{"taxonomy":"category","embeddable":true,"href":"https:\/\/www.tribunanf.com.br\/blogdoralfereis\/wp-json\/wp\/v2\/categories?post=5446"},{"taxonomy":"post_tag","embeddable":true,"href":"https:\/\/www.tribunanf.com.br\/blogdoralfereis\/wp-json\/wp\/v2\/tags?post=5446"}],"curies":[{"name":"wp","href":"https:\/\/api.w.org\/{rel}","templated":true}]}}