{"id":5435,"date":"2020-11-16T07:03:27","date_gmt":"2020-11-16T10:03:27","guid":{"rendered":"https:\/\/www.tribunanf.com.br\/blogdoralfereis\/?p=5435"},"modified":"2020-11-16T08:29:39","modified_gmt":"2020-11-16T11:29:39","slug":"sjb-carla-machado-e-reeleita-com-6972-dos-votos","status":"publish","type":"post","link":"https:\/\/www.tribunanf.com.br\/blogdoralfereis\/2020\/11\/16\/sjb-carla-machado-e-reeleita-com-6972-dos-votos\/","title":{"rendered":"SJB: Carla Machado \u00e9 reeleita com 69,72% dos votos"},"content":{"rendered":"<p><img loading=\"lazy\" decoding=\"async\" class=\"aligncenter size-full wp-image-2785\" src=\"https:\/\/www.tribunanf.com.br\/blogdoralfereis\/wp-content\/uploads\/sites\/11\/2019\/10\/Carla_prefeita.jpg\" alt=\"\" width=\"600\" height=\"497\" srcset=\"https:\/\/www.tribunanf.com.br\/blogdoralfereis\/wp-content\/uploads\/sites\/11\/2019\/10\/Carla_prefeita.jpg 600w, https:\/\/www.tribunanf.com.br\/blogdoralfereis\/wp-content\/uploads\/sites\/11\/2019\/10\/Carla_prefeita-300x249.jpg 300w\" sizes=\"auto, (max-width: 600px) 100vw, 600px\" \/><\/p>\n<p style=\"text-align: justify;\">Com mais de 19 mil votos, Carla Maria Machado dos Santos (PP) venceu os cinco advers\u00e1rios (M\u00e1rcio Nogueira, Eziel Pedro, Ot\u00e1vio Carvalho, Dominguinhos e Renezinho) que estiveram na disputa pela Prefeitura de S\u00e3o Jo\u00e3o da Barra neste domingo, 15.<\/p>\n<p style=\"text-align: justify;\">Carla contabilizou a 19.106 votos (69,72%). A vantagem sobre os demais cinco candidatos, somados, \u00e9 superior a 10 mil votos. M\u00e1rcio Nogueira (Podemos), chegou a 4.654, (16,98%); Eziel Pedro (PSC), 2.747 (10,02%); Renezinho (Patri), 671 (2,45%); Ot\u00e1vio Carvalho (PMN), 175 (0,64%) e Dominguinhos de Barcelos (PTN), 51 (0,19%).<\/p>\n","protected":false},"excerpt":{"rendered":"<p>Com mais de 19 mil votos, Carla Maria Machado dos Santos (PP) venceu os cinco advers\u00e1rios (M\u00e1rcio Nogueira, Eziel Pedro,&#8230;<\/p>\n","protected":false},"author":2,"featured_media":2785,"comment_status":"open","ping_status":"open","sticky":false,"template":"","format":"standard","meta":{"colormag_page_container_layout":"default_layout","colormag_page_sidebar_layout":"default_layout","jetpack_post_was_ever_published":false,"_jetpack_newsletter_access":"","_jetpack_dont_email_post_to_subs":false,"_jetpack_newsletter_tier_id":0,"_jetpack_memberships_contains_paywalled_content":false,"_jetpack_memberships_contains_paid_content":false,"footnotes":""},"categories":[2],"tags":[],"class_list":["post-5435","post","type-post","status-publish","format-standard","has-post-thumbnail","hentry","category-politica"],"jetpack_featured_media_url":"https:\/\/www.tribunanf.com.br\/blogdoralfereis\/wp-content\/uploads\/sites\/11\/2019\/10\/Carla_prefeita.jpg","jetpack_sharing_enabled":true,"_links":{"self":[{"href":"https:\/\/www.tribunanf.com.br\/blogdoralfereis\/wp-json\/wp\/v2\/posts\/5435","targetHints":{"allow":["GET"]}}],"collection":[{"href":"https:\/\/www.tribunanf.com.br\/blogdoralfereis\/wp-json\/wp\/v2\/posts"}],"about":[{"href":"https:\/\/www.tribunanf.com.br\/blogdoralfereis\/wp-json\/wp\/v2\/types\/post"}],"author":[{"embeddable":true,"href":"https:\/\/www.tribunanf.com.br\/blogdoralfereis\/wp-json\/wp\/v2\/users\/2"}],"replies":[{"embeddable":true,"href":"https:\/\/www.tribunanf.com.br\/blogdoralfereis\/wp-json\/wp\/v2\/comments?post=5435"}],"version-history":[{"count":0,"href":"https:\/\/www.tribunanf.com.br\/blogdoralfereis\/wp-json\/wp\/v2\/posts\/5435\/revisions"}],"wp:featuredmedia":[{"embeddable":true,"href":"https:\/\/www.tribunanf.com.br\/blogdoralfereis\/wp-json\/wp\/v2\/media\/2785"}],"wp:attachment":[{"href":"https:\/\/www.tribunanf.com.br\/blogdoralfereis\/wp-json\/wp\/v2\/media?parent=5435"}],"wp:term":[{"taxonomy":"category","embeddable":true,"href":"https:\/\/www.tribunanf.com.br\/blogdoralfereis\/wp-json\/wp\/v2\/categories?post=5435"},{"taxonomy":"post_tag","embeddable":true,"href":"https:\/\/www.tribunanf.com.br\/blogdoralfereis\/wp-json\/wp\/v2\/tags?post=5435"}],"curies":[{"name":"wp","href":"https:\/\/api.w.org\/{rel}","templated":true}]}}