{"id":5380,"date":"2020-11-07T08:52:22","date_gmt":"2020-11-07T11:52:22","guid":{"rendered":"https:\/\/www.tribunanf.com.br\/blogdoralfereis\/?p=5380"},"modified":"2020-11-07T08:52:22","modified_gmt":"2020-11-07T11:52:22","slug":"claudio-castro-inaugura-obras-em-cambuci-e-italva-neste-sabado","status":"publish","type":"post","link":"https:\/\/www.tribunanf.com.br\/blogdoralfereis\/2020\/11\/07\/claudio-castro-inaugura-obras-em-cambuci-e-italva-neste-sabado\/","title":{"rendered":"Cl\u00e1udio Castro inaugura obras em Cambuci e Italva neste s\u00e1bado"},"content":{"rendered":"<p><img loading=\"lazy\" decoding=\"async\" class=\"aligncenter size-full wp-image-4849\" src=\"https:\/\/www.tribunanf.com.br\/blogdoralfereis\/wp-content\/uploads\/sites\/11\/2020\/09\/claudio_castro.jpg\" alt=\"\" width=\"640\" height=\"424\" srcset=\"https:\/\/www.tribunanf.com.br\/blogdoralfereis\/wp-content\/uploads\/sites\/11\/2020\/09\/claudio_castro.jpg 640w, https:\/\/www.tribunanf.com.br\/blogdoralfereis\/wp-content\/uploads\/sites\/11\/2020\/09\/claudio_castro-300x199.jpg 300w\" sizes=\"auto, (max-width: 640px) 100vw, 640px\" \/><\/p>\n<p style=\"text-align: justify;\">O governador em exerc\u00edcio, Cl\u00e1udio Castro, em sua primeira agenda no interior, inaugura neste s\u00e1bado (07\/11), pela manh\u00e3, um trecho de 19km na Rodovia RJ158, entre Cambuci e Itaocara. O trecho foi totalmente recapeado e \u00e9 uma das principais rotas para o escoamento de produtos, como petr\u00f3leo e cimento, al\u00e9m de mercadorias essenciais para a economia das regi\u00f5es Norte e Noroeste e de todo o estado. \u00c0 tarde, o governador em exerc\u00edcio Cl\u00e1udio Castro faz uma vistoria na obra do Trevo de Italva.<\/p>\n<p style=\"text-align: justify;\">O DER-RJ finalizou, no dia 16 de outubro, a revitaliza\u00e7\u00e3o do pavimento da RJ-158, no trecho que liga Itaocara a Cambuci. Foram 19 quil\u00f4metros de recomposi\u00e7\u00e3o asf\u00e1ltica e revitaliza\u00e7\u00e3o das sinaliza\u00e7\u00f5es horizontal e vertical na rodovia.<\/p>\n<p style=\"text-align: justify;\">Novo trevo na RJ-234<\/p>\n<p style=\"text-align: justify;\">Um novo trevo na RJ-234, em Italva, no Noroeste do estado, est\u00e1 sendo constru\u00eddo pelo DER-RJ. As obras de interse\u00e7\u00e3o do novo trevo tiveram in\u00edcio em fevereiro de 2020 e a previs\u00e3o de entrega \u00e9 final deste ano.<\/p>\n<p style=\"text-align: justify;\">A obra de interse\u00e7\u00e3o do trevo acontece na altura do Km 25 da RJ-234, e no entroncamento com a BR-356, no Km 80. Esta interven\u00e7\u00e3o vai melhorar o escoamento agr\u00edcola e industrial do norte do estado. O valor do investimento da obra \u00e9 de R$ R$ 7.296.144,82.<\/p>\n<p style=\"text-align: justify;\">Agenda:<\/p>\n<p style=\"text-align: justify;\">*9h* &#8211; Inaugura\u00e7\u00e3o do trecho de 18km da RJ 158 &#8211; Cambuci &#8211; Itaocara<\/p>\n<p style=\"text-align: justify;\">Local: Trevo da Ponte da Boia<\/p>\n<p style=\"text-align: justify;\">*14h*- Vistoria da Obra do Trevo de Italva<\/p>\n<p style=\"text-align: justify;\">Local: Entroncamento entre a RJ 234, km 25 e a BR 356, km 80<\/p>\n<p style=\"text-align: justify;\">\n<strong>DER-RJ inaugura ponte na Estrada dos Ceramistas<\/strong><\/p>\n<p style=\"text-align: justify;\">O DER-RJ entregou, em julho, uma importante obra de recupera\u00e7\u00e3o: a ponte met\u00e1lica sobre o canal Campos-Maca\u00e9, conhecida como Ponte dos Ceramistas, na RJ-238, liberando o tr\u00e1fego nesta rodovia.<\/p>\n<p style=\"text-align: justify;\">O trabalho faz parte do programa do departamento para recupera\u00e7\u00e3o das rodovias estrat\u00e9gicas do Rio de Janeiro. O contrato, assinado no dia 31 de mar\u00e7o, teve investimento no valor de R$1,7 milh\u00e3o. O projeto da obra foi totalmente desenvolvido pelo \u00f3rg\u00e3o e contemplou a substitui\u00e7\u00e3o das vigas de a\u00e7o por vigas pr\u00e9-moldadas. A obra foi conclu\u00edda dentro do cronograma previsto.<\/p>\n<p style=\"text-align: justify;\">Durante o per\u00edodo das obras, os acessos de rotas de desvios foram feitos pela BR-101, com sinaliza\u00e7\u00e3o de placas do DER-RJ, orientando os motoristas sobre as mudan\u00e7as de tr\u00e2nsito no per\u00edodo de obras.<\/p>\n<p style=\"text-align: justify;\">Com aproximadamente 12 Kms de extens\u00e3o, a Estrada dos Ceramistas, ou RJ-238, liga a BR-101, na altura da localidade de Urura\u00ed, \u00e0 localidade de Donana, ambas em Campos. \u00c9 uma estrada muito utilizada como acesso ao distrito de Farol de S\u00e3o Tom\u00e9, sem passagem pelo centro de Campos<\/p>\n<p style=\"text-align: justify;\">Obras da Ponte sobre o Rio Pedra Santa<\/p>\n<p style=\"text-align: justify;\">No dia 30 de julho, o DER-RJ entregou aos usu\u00e1rios das nossas estradas uma nova ponte, ap\u00f3s a conclus\u00e3o das obras na RJ-204, sobre o Rio Pedra Santa. Com isso, o departamento liberou o tr\u00e1fego de ve\u00edculos no trecho que liga Deserto Feliz, em S\u00e3o Francisco de Itabapoana, \u00e0 BR-101, em Campos dos Goytacazes.<\/p>\n<p style=\"text-align: justify;\">Com 20 metros de extens\u00e3o por nove metros de largura, a nova ponte foi constru\u00edda em concreto armado para garantir mais seguran\u00e7a aos ve\u00edculos que passam pela regi\u00e3o. Nas laterais, h\u00e1 um espa\u00e7o para passagem de pedestres. A obra teve um custo total de R$ 1.524.660,32.<\/p>\n<p style=\"text-align: justify;\">A RJ-204, tamb\u00e9m conhecida Rodovia da Fruta, \u00e9 uma estrada muito importante para o escoamento de produtos agr\u00edcolas do Norte Fluminense do estado do Rio.<\/p>\n<p style=\"text-align: justify;\">A nova ponte sobre o Rio Pedra Santa substitui a estrutura anterior, que havia sido destru\u00edda por uma enxurrada, em mar\u00e7o de 2018, ainda na antiga gest\u00e3o, e, desde ent\u00e3o, a popula\u00e7\u00e3o era obrigada a usar uma rota alternativa.<\/p>\n<p style=\"text-align: justify;\">O DER-RJ tem realizado tamb\u00e9m, nesta rodovia, servi\u00e7os de conserva\u00e7\u00e3o, como ro\u00e7ada (corte de vegeta\u00e7\u00e3o alta), capina, e manuten\u00e7\u00e3o de asfalto.<\/p>\n<p style=\"text-align: justify;\">Obra em nova ponte na RJ-178 segue com lan\u00e7amento de vigas e lajes<\/p>\n<p style=\"text-align: justify;\">O DER-RJ iniciou, em outubro, a etapa de lan\u00e7amento e alinhamento de vigas e lajes para constru\u00e7\u00e3o de nova ponte sobre o c\u00f3rrego Lameiro, na RJ-178, em Carapebus, no Norte Fluminense do estado.<\/p>\n<p style=\"text-align: justify;\">Nesta semana, est\u00e3o previstas a consolida\u00e7\u00e3o da laje do tabuleiro da ponte e o t\u00e9rmino da instala\u00e7\u00e3o do colch\u00e3o reno. Essa t\u00e9cnica \u00e9 empregada no c\u00f3rrego para garantir a efici\u00eancia da drenagem. O m\u00e9todo evita deslizamento das margens e, consequentemente, o ac\u00famulo de aterro no fundo. Dessa forma, a \u00e1gua segue o curso com mais fluidez.<\/p>\n<p style=\"text-align: justify;\">A antiga ponte sobre o c\u00f3rrego Lameiro, que liga os munic\u00edpios de Quissam\u00e3 e Carapebus, foi derrubada ap\u00f3s um per\u00edodo de interdi\u00e7\u00e3o de dois anos. Em seu lugar, o DER-RJ est\u00e1 erguendo uma nova constru\u00e7\u00e3o, com 20,6 metros de extens\u00e3o, al\u00e9m de muros atirantados no trecho. A nova ponte ser\u00e1 determinante para melhorar a mobilidade urbana na regi\u00e3o.<\/p>\n<p style=\"text-align: justify;\">A obra da nova ponte, iniciada em junho de 2019, representa um investimento de R$ R$3.881.962,63, e tem previs\u00e3o de t\u00e9rmino at\u00e9 o final de 2020.<\/p>\n<p style=\"text-align: justify;\">Novo pontilh\u00e3o em Miracema tem obra iniciada na RJ-200<\/p>\n<p style=\"text-align: justify;\">O DER-RJ iniciou, no in\u00edcio de agosto, a obra do novo pontilh\u00e3o (ponte pequena) do C\u00f3rrego Cachoeira Bonita, na RJ-200, em Miracema, pr\u00f3ximo ao Km 14.<\/p>\n<p style=\"text-align: justify;\">A RJ-200 d\u00e1 acesso \u00e0 BR-116, importante rodovia do pa\u00eds, al\u00e9m de facilitar o escoamento da produ\u00e7\u00e3o agr\u00edcola na divisa de Rio com Minas Gerais. A previs\u00e3o da obra de t\u00e9rmino \u00e9 fevereiro de 2021.<\/p>\n<p style=\"text-align: justify;\">Depois de realizar estudos t\u00e9cnicos, o departamento chegou \u00e0 conclus\u00e3o da necessidade de constru\u00e7\u00e3o do pontilh\u00e3o. Devido ao volume de \u00e1gua na regi\u00e3o, em per\u00edodos de chuva, os t\u00e9cnicos avaliaram que a melhor op\u00e7\u00e3o seria a ponte, no lugar de um novo bueiro, como existia antes na rodovia.<\/p>\n<p style=\"text-align: justify;\">Ascom*<\/p>\n","protected":false},"excerpt":{"rendered":"<p>O governador em exerc\u00edcio, Cl\u00e1udio Castro, em sua primeira agenda no interior, inaugura neste s\u00e1bado (07\/11), pela manh\u00e3, um trecho&#8230;<\/p>\n","protected":false},"author":2,"featured_media":4849,"comment_status":"open","ping_status":"open","sticky":false,"template":"","format":"standard","meta":{"colormag_page_container_layout":"default_layout","colormag_page_sidebar_layout":"default_layout","jetpack_post_was_ever_published":false,"_jetpack_newsletter_access":"","_jetpack_dont_email_post_to_subs":false,"_jetpack_newsletter_tier_id":0,"_jetpack_memberships_contains_paywalled_content":false,"_jetpack_memberships_contains_paid_content":false,"footnotes":""},"categories":[2],"tags":[],"class_list":["post-5380","post","type-post","status-publish","format-standard","has-post-thumbnail","hentry","category-politica"],"jetpack_featured_media_url":"https:\/\/www.tribunanf.com.br\/blogdoralfereis\/wp-content\/uploads\/sites\/11\/2020\/09\/claudio_castro.jpg","jetpack_sharing_enabled":true,"_links":{"self":[{"href":"https:\/\/www.tribunanf.com.br\/blogdoralfereis\/wp-json\/wp\/v2\/posts\/5380","targetHints":{"allow":["GET"]}}],"collection":[{"href":"https:\/\/www.tribunanf.com.br\/blogdoralfereis\/wp-json\/wp\/v2\/posts"}],"about":[{"href":"https:\/\/www.tribunanf.com.br\/blogdoralfereis\/wp-json\/wp\/v2\/types\/post"}],"author":[{"embeddable":true,"href":"https:\/\/www.tribunanf.com.br\/blogdoralfereis\/wp-json\/wp\/v2\/users\/2"}],"replies":[{"embeddable":true,"href":"https:\/\/www.tribunanf.com.br\/blogdoralfereis\/wp-json\/wp\/v2\/comments?post=5380"}],"version-history":[{"count":0,"href":"https:\/\/www.tribunanf.com.br\/blogdoralfereis\/wp-json\/wp\/v2\/posts\/5380\/revisions"}],"wp:featuredmedia":[{"embeddable":true,"href":"https:\/\/www.tribunanf.com.br\/blogdoralfereis\/wp-json\/wp\/v2\/media\/4849"}],"wp:attachment":[{"href":"https:\/\/www.tribunanf.com.br\/blogdoralfereis\/wp-json\/wp\/v2\/media?parent=5380"}],"wp:term":[{"taxonomy":"category","embeddable":true,"href":"https:\/\/www.tribunanf.com.br\/blogdoralfereis\/wp-json\/wp\/v2\/categories?post=5380"},{"taxonomy":"post_tag","embeddable":true,"href":"https:\/\/www.tribunanf.com.br\/blogdoralfereis\/wp-json\/wp\/v2\/tags?post=5380"}],"curies":[{"name":"wp","href":"https:\/\/api.w.org\/{rel}","templated":true}]}}