{"id":538,"date":"2018-07-26T12:21:14","date_gmt":"2018-07-26T15:21:14","guid":{"rendered":"http:\/\/www.tribunanf.com.br\/blogdoralfereis\/?p=538"},"modified":"2018-07-26T12:21:14","modified_gmt":"2018-07-26T15:21:14","slug":"filha-de-paciente-internado-no-hfm-denuncia-descaso-da-empresa-de-home-care","status":"publish","type":"post","link":"https:\/\/www.tribunanf.com.br\/blogdoralfereis\/2018\/07\/26\/filha-de-paciente-internado-no-hfm-denuncia-descaso-da-empresa-de-home-care\/","title":{"rendered":"Filha de paciente internado no HFM denuncia descaso da empresa de Home Care"},"content":{"rendered":"<p><img loading=\"lazy\" decoding=\"async\" class=\"aligncenter size-full wp-image-539\" src=\"http:\/\/www.tribunanf.com.br\/blogdoralfereis\/wp-content\/uploads\/sites\/11\/2018\/07\/Hospital-Ferreira-Machado-e-emergencia-Silvana-Rust17-2-540x360.jpg\" alt=\"\" width=\"540\" height=\"360\" srcset=\"https:\/\/www.tribunanf.com.br\/blogdoralfereis\/wp-content\/uploads\/sites\/11\/2018\/07\/Hospital-Ferreira-Machado-e-emergencia-Silvana-Rust17-2-540x360.jpg 540w, https:\/\/www.tribunanf.com.br\/blogdoralfereis\/wp-content\/uploads\/sites\/11\/2018\/07\/Hospital-Ferreira-Machado-e-emergencia-Silvana-Rust17-2-540x360-300x200.jpg 300w\" sizes=\"auto, (max-width: 540px) 100vw, 540px\" \/><\/p>\n<p style=\"text-align: justify;\">Filha de paciente internado no Hospital Ferreira Machado denuncia descaso da sa\u00fade p\u00fablica de Campos. Segundo Jenilce Souza, seu pai est\u00e1 internado a cerca de 70 dias no hospital e j\u00e1 recebeu alta h\u00e1 mais de 10 dias,\u00a0 por\u00e9m continua com o pai internado no HFM por falta de vaga na empresa de home care que j\u00e1 atendia o paciente.<\/p>\n<p style=\"text-align: justify;\"><em>&#8220;Venho aqui dividir minha indigna\u00e7\u00e3o. Meu pai, um paciente grave atendido em casa por meio de um processo judicial onde o munic\u00edpio contratou uma empresa de home care que atende meu pai paciente grave atendido em casa j\u00e1 alguns anos, onde encontra-se internado na UTI do Ferreira Machado a 70 dias e est\u00e1 de alta j\u00e1 h\u00e1 mais de 10 dias correndo risco de contrair uma nova infec\u00e7\u00e3o por neglig\u00eancia do munic\u00edpio e da empresa de home Care, isso acontece com muita gente pq\u00a0<span class=\"text_exposed_show\">a sa\u00fade de Campos virou bagun\u00e7a, uma Cidade onde passa milh\u00f5es de dinheiro. Venho atrav\u00e9s das redes sociais informar que j\u00e1 foi feito um BO na delegacia, pq a dona d empresa falou pra eu simplesmente aguardar um tr\u00e2mite do munic\u00edpio pq enquanto meu pai lutava 70 dias para sobreviver ela alegou q colocou outros pacientes no lugar dele ou seja ela decretou a meu pai uma senten\u00e7a de morte.O jornal Inter tv hoje fez uma mat\u00e9ria expondo meu caso, agrade\u00e7o grandemente.Pe\u00e7o a todo possam me ajudar a compartilhar para que Meu pai posso vir quanto mais breve para casa pois ele \u00e9 l\u00facido e est\u00e1 sofrendo demais sozinho em uma UTI trata-se de um paciente de 77 anos com depend\u00eancia de ventila\u00e7\u00e3o mec\u00e2nica , para Munic\u00edpio e para a Empresa meu pai \u00e9 tratado como velho,mas pra mim enquanto cora\u00e7\u00e3o bater vou lutar por uma qualidade de vida sempre melhor para ele enquanto ele lutar pra viver com todas limita\u00e7\u00f5es eu luto por justi\u00e7a.&#8221;, <\/span><\/em><span class=\"text_exposed_show\">denuncia Jenilce.<\/span><\/p>\n<p><iframe loading=\"lazy\" style=\"border: none; overflow: hidden;\" src=\"https:\/\/www.facebook.com\/plugins\/post.php?href=https%3A%2F%2Fwww.facebook.com%2Fjenilcedesouza.souza%2Fposts%2F2138067339556163&amp;width=500\" width=\"500\" height=\"764\" frameborder=\"0\" scrolling=\"no\"><\/iframe><\/p>\n","protected":false},"excerpt":{"rendered":"<p>Filha de paciente internado no Hospital Ferreira Machado denuncia descaso da sa\u00fade p\u00fablica de Campos. Segundo Jenilce Souza, seu pai&#8230;<\/p>\n","protected":false},"author":2,"featured_media":539,"comment_status":"open","ping_status":"open","sticky":false,"template":"","format":"standard","meta":{"colormag_page_container_layout":"default_layout","colormag_page_sidebar_layout":"default_layout","jetpack_post_was_ever_published":false,"_jetpack_newsletter_access":"","_jetpack_dont_email_post_to_subs":false,"_jetpack_newsletter_tier_id":0,"_jetpack_memberships_contains_paywalled_content":false,"_jetpack_memberships_contains_paid_content":false,"footnotes":""},"categories":[2],"tags":[],"class_list":["post-538","post","type-post","status-publish","format-standard","has-post-thumbnail","hentry","category-politica"],"jetpack_featured_media_url":"https:\/\/www.tribunanf.com.br\/blogdoralfereis\/wp-content\/uploads\/sites\/11\/2018\/07\/Hospital-Ferreira-Machado-e-emergencia-Silvana-Rust17-2-540x360.jpg","jetpack_sharing_enabled":true,"_links":{"self":[{"href":"https:\/\/www.tribunanf.com.br\/blogdoralfereis\/wp-json\/wp\/v2\/posts\/538","targetHints":{"allow":["GET"]}}],"collection":[{"href":"https:\/\/www.tribunanf.com.br\/blogdoralfereis\/wp-json\/wp\/v2\/posts"}],"about":[{"href":"https:\/\/www.tribunanf.com.br\/blogdoralfereis\/wp-json\/wp\/v2\/types\/post"}],"author":[{"embeddable":true,"href":"https:\/\/www.tribunanf.com.br\/blogdoralfereis\/wp-json\/wp\/v2\/users\/2"}],"replies":[{"embeddable":true,"href":"https:\/\/www.tribunanf.com.br\/blogdoralfereis\/wp-json\/wp\/v2\/comments?post=538"}],"version-history":[{"count":0,"href":"https:\/\/www.tribunanf.com.br\/blogdoralfereis\/wp-json\/wp\/v2\/posts\/538\/revisions"}],"wp:featuredmedia":[{"embeddable":true,"href":"https:\/\/www.tribunanf.com.br\/blogdoralfereis\/wp-json\/wp\/v2\/media\/539"}],"wp:attachment":[{"href":"https:\/\/www.tribunanf.com.br\/blogdoralfereis\/wp-json\/wp\/v2\/media?parent=538"}],"wp:term":[{"taxonomy":"category","embeddable":true,"href":"https:\/\/www.tribunanf.com.br\/blogdoralfereis\/wp-json\/wp\/v2\/categories?post=538"},{"taxonomy":"post_tag","embeddable":true,"href":"https:\/\/www.tribunanf.com.br\/blogdoralfereis\/wp-json\/wp\/v2\/tags?post=538"}],"curies":[{"name":"wp","href":"https:\/\/api.w.org\/{rel}","templated":true}]}}