{"id":535,"date":"2018-07-25T23:29:50","date_gmt":"2018-07-26T02:29:50","guid":{"rendered":"http:\/\/www.tribunanf.com.br\/blogdoralfereis\/?p=535"},"modified":"2018-07-25T23:29:50","modified_gmt":"2018-07-26T02:29:50","slug":"vereador-abdu-neme-e-os-seus-poucos-amigos","status":"publish","type":"post","link":"https:\/\/www.tribunanf.com.br\/blogdoralfereis\/2018\/07\/25\/vereador-abdu-neme-e-os-seus-poucos-amigos\/","title":{"rendered":"Vereador Abdu Neme e os seus poucos amigos"},"content":{"rendered":"<p><img loading=\"lazy\" decoding=\"async\" class=\"aligncenter size-full wp-image-536\" src=\"http:\/\/www.tribunanf.com.br\/blogdoralfereis\/wp-content\/uploads\/sites\/11\/2018\/07\/Abdu-Neme.jpg\" alt=\"\" width=\"900\" height=\"600\" srcset=\"https:\/\/www.tribunanf.com.br\/blogdoralfereis\/wp-content\/uploads\/sites\/11\/2018\/07\/Abdu-Neme.jpg 900w, https:\/\/www.tribunanf.com.br\/blogdoralfereis\/wp-content\/uploads\/sites\/11\/2018\/07\/Abdu-Neme-300x200.jpg 300w, https:\/\/www.tribunanf.com.br\/blogdoralfereis\/wp-content\/uploads\/sites\/11\/2018\/07\/Abdu-Neme-768x512.jpg 768w\" sizes=\"auto, (max-width: 900px) 100vw, 900px\" \/><\/p>\n<p style=\"text-align: justify;\">O vereador Abdu Neme foi visto no dia de ontem na secretaria de Obras. Abdu acompanhava um empres\u00e1rio para falar com o secret\u00e1rio de Obras.<\/p>\n<p style=\"text-align: justify;\">A reuni\u00e3o foi a portas fechadas e durou pouco tempo.<\/p>\n<p style=\"text-align: justify;\">O nobre edil saiu revoltado e com fisionomia de poucos amigos. Abdu tentava demonstrar que n\u00e3o estava sendo prestigiado a altura de seus sacrif\u00edcios feitos em favor ao governo Rafael Diniz.<\/p>\n<p style=\"text-align: justify;\">H\u00e1 quem sustente que tudo n\u00e3o passa de um teatro porque ele faz isso na frente dos funcion\u00e1rios da secretaria, mas quem \u00e9 um dos bra\u00e7os direito do prefeito Rafael Diniz \u00e9 o seu filho Abinho.<\/p>\n<p style=\"text-align: justify;\">\u00c9 igual a um ex-prefeito de uma cidade da regi\u00e3o que elegeu a nora e agora finge que est\u00e1 brigado com ela para n\u00e3o atender pedidos de emprego e outros favores.<\/p>\n","protected":false},"excerpt":{"rendered":"<p>O vereador Abdu Neme foi visto no dia de ontem na secretaria de Obras. Abdu acompanhava um empres\u00e1rio para falar&#8230;<\/p>\n","protected":false},"author":2,"featured_media":536,"comment_status":"open","ping_status":"open","sticky":false,"template":"","format":"standard","meta":{"colormag_page_container_layout":"default_layout","colormag_page_sidebar_layout":"default_layout","jetpack_post_was_ever_published":false,"_jetpack_newsletter_access":"","_jetpack_dont_email_post_to_subs":false,"_jetpack_newsletter_tier_id":0,"_jetpack_memberships_contains_paywalled_content":false,"_jetpack_memberships_contains_paid_content":false,"footnotes":""},"categories":[1],"tags":[],"class_list":["post-535","post","type-post","status-publish","format-standard","has-post-thumbnail","hentry","category-sem-categoria"],"jetpack_featured_media_url":"https:\/\/www.tribunanf.com.br\/blogdoralfereis\/wp-content\/uploads\/sites\/11\/2018\/07\/Abdu-Neme.jpg","jetpack_sharing_enabled":true,"_links":{"self":[{"href":"https:\/\/www.tribunanf.com.br\/blogdoralfereis\/wp-json\/wp\/v2\/posts\/535","targetHints":{"allow":["GET"]}}],"collection":[{"href":"https:\/\/www.tribunanf.com.br\/blogdoralfereis\/wp-json\/wp\/v2\/posts"}],"about":[{"href":"https:\/\/www.tribunanf.com.br\/blogdoralfereis\/wp-json\/wp\/v2\/types\/post"}],"author":[{"embeddable":true,"href":"https:\/\/www.tribunanf.com.br\/blogdoralfereis\/wp-json\/wp\/v2\/users\/2"}],"replies":[{"embeddable":true,"href":"https:\/\/www.tribunanf.com.br\/blogdoralfereis\/wp-json\/wp\/v2\/comments?post=535"}],"version-history":[{"count":0,"href":"https:\/\/www.tribunanf.com.br\/blogdoralfereis\/wp-json\/wp\/v2\/posts\/535\/revisions"}],"wp:featuredmedia":[{"embeddable":true,"href":"https:\/\/www.tribunanf.com.br\/blogdoralfereis\/wp-json\/wp\/v2\/media\/536"}],"wp:attachment":[{"href":"https:\/\/www.tribunanf.com.br\/blogdoralfereis\/wp-json\/wp\/v2\/media?parent=535"}],"wp:term":[{"taxonomy":"category","embeddable":true,"href":"https:\/\/www.tribunanf.com.br\/blogdoralfereis\/wp-json\/wp\/v2\/categories?post=535"},{"taxonomy":"post_tag","embeddable":true,"href":"https:\/\/www.tribunanf.com.br\/blogdoralfereis\/wp-json\/wp\/v2\/tags?post=535"}],"curies":[{"name":"wp","href":"https:\/\/api.w.org\/{rel}","templated":true}]}}