{"id":5310,"date":"2020-10-24T09:51:47","date_gmt":"2020-10-24T12:51:47","guid":{"rendered":"https:\/\/www.tribunanf.com.br\/blogdoralfereis\/?p=5310"},"modified":"2020-10-24T09:51:47","modified_gmt":"2020-10-24T12:51:47","slug":"royalties-campos-recebe-r-30-milhoes-nesta-segunda-26","status":"publish","type":"post","link":"https:\/\/www.tribunanf.com.br\/blogdoralfereis\/2020\/10\/24\/royalties-campos-recebe-r-30-milhoes-nesta-segunda-26\/","title":{"rendered":"Royalties: Campos recebe R$ 30 milh\u00f5es nesta segunda (26)"},"content":{"rendered":"<p><img loading=\"lazy\" decoding=\"async\" class=\"aligncenter size-full wp-image-3944\" src=\"https:\/\/www.tribunanf.com.br\/blogdoralfereis\/wp-content\/uploads\/sites\/11\/2020\/05\/prefeitura-de-campos.jpg\" alt=\"\" width=\"984\" height=\"517\" srcset=\"https:\/\/www.tribunanf.com.br\/blogdoralfereis\/wp-content\/uploads\/sites\/11\/2020\/05\/prefeitura-de-campos.jpg 984w, https:\/\/www.tribunanf.com.br\/blogdoralfereis\/wp-content\/uploads\/sites\/11\/2020\/05\/prefeitura-de-campos-300x158.jpg 300w, https:\/\/www.tribunanf.com.br\/blogdoralfereis\/wp-content\/uploads\/sites\/11\/2020\/05\/prefeitura-de-campos-768x404.jpg 768w, https:\/\/www.tribunanf.com.br\/blogdoralfereis\/wp-content\/uploads\/sites\/11\/2020\/05\/prefeitura-de-campos-390x205.jpg 390w\" sizes=\"auto, (max-width: 984px) 100vw, 984px\" \/><\/p>\n<p style=\"text-align: justify;\">Os munic\u00edpios produtores de petr\u00f3leo v\u00e3o receber royalties na pr\u00f3xima segunda-feira (26) com alta sobre a produ\u00e7\u00e3o de agosto, com algumas cidades do Norte Fluminense com aumentos de at\u00e9 17,2% como S\u00e3o Jo\u00e3o da Barra com R$ 10,42 milh\u00f5es, Maca\u00e9 com 9,7%, que vai receber R$ 58,40 milh\u00f5es.<\/p>\n<p style=\"text-align: justify;\">Campos dos Goytacazes recebe com aumento de 8%, que vai captar R$ 30,07 milh\u00f5es. Em outubro de 2019, o munic\u00edpio tinha recebido 20% a menos com R$ 25,3 milh\u00f5es.<\/p>\n","protected":false},"excerpt":{"rendered":"<p>Os munic\u00edpios produtores de petr\u00f3leo v\u00e3o receber royalties na pr\u00f3xima segunda-feira (26) com alta sobre a produ\u00e7\u00e3o de agosto, com&#8230;<\/p>\n","protected":false},"author":2,"featured_media":3944,"comment_status":"open","ping_status":"open","sticky":false,"template":"","format":"standard","meta":{"colormag_page_container_layout":"default_layout","colormag_page_sidebar_layout":"default_layout","jetpack_post_was_ever_published":false,"_jetpack_newsletter_access":"","_jetpack_dont_email_post_to_subs":false,"_jetpack_newsletter_tier_id":0,"_jetpack_memberships_contains_paywalled_content":false,"_jetpack_memberships_contains_paid_content":false,"footnotes":""},"categories":[2],"tags":[],"class_list":["post-5310","post","type-post","status-publish","format-standard","has-post-thumbnail","hentry","category-politica"],"jetpack_featured_media_url":"https:\/\/www.tribunanf.com.br\/blogdoralfereis\/wp-content\/uploads\/sites\/11\/2020\/05\/prefeitura-de-campos.jpg","jetpack_sharing_enabled":true,"_links":{"self":[{"href":"https:\/\/www.tribunanf.com.br\/blogdoralfereis\/wp-json\/wp\/v2\/posts\/5310","targetHints":{"allow":["GET"]}}],"collection":[{"href":"https:\/\/www.tribunanf.com.br\/blogdoralfereis\/wp-json\/wp\/v2\/posts"}],"about":[{"href":"https:\/\/www.tribunanf.com.br\/blogdoralfereis\/wp-json\/wp\/v2\/types\/post"}],"author":[{"embeddable":true,"href":"https:\/\/www.tribunanf.com.br\/blogdoralfereis\/wp-json\/wp\/v2\/users\/2"}],"replies":[{"embeddable":true,"href":"https:\/\/www.tribunanf.com.br\/blogdoralfereis\/wp-json\/wp\/v2\/comments?post=5310"}],"version-history":[{"count":0,"href":"https:\/\/www.tribunanf.com.br\/blogdoralfereis\/wp-json\/wp\/v2\/posts\/5310\/revisions"}],"wp:featuredmedia":[{"embeddable":true,"href":"https:\/\/www.tribunanf.com.br\/blogdoralfereis\/wp-json\/wp\/v2\/media\/3944"}],"wp:attachment":[{"href":"https:\/\/www.tribunanf.com.br\/blogdoralfereis\/wp-json\/wp\/v2\/media?parent=5310"}],"wp:term":[{"taxonomy":"category","embeddable":true,"href":"https:\/\/www.tribunanf.com.br\/blogdoralfereis\/wp-json\/wp\/v2\/categories?post=5310"},{"taxonomy":"post_tag","embeddable":true,"href":"https:\/\/www.tribunanf.com.br\/blogdoralfereis\/wp-json\/wp\/v2\/tags?post=5310"}],"curies":[{"name":"wp","href":"https:\/\/api.w.org\/{rel}","templated":true}]}}