{"id":5160,"date":"2020-10-05T13:00:26","date_gmt":"2020-10-05T16:00:26","guid":{"rendered":"https:\/\/www.tribunanf.com.br\/blogdoralfereis\/?p=5160"},"modified":"2020-10-05T13:00:26","modified_gmt":"2020-10-05T16:00:26","slug":"socio-da-agencia-que-fez-campanha-para-bolsonaro-e-detido-pela-prf-com-r-45-mil-em-dinheiro-vivo","status":"publish","type":"post","link":"https:\/\/www.tribunanf.com.br\/blogdoralfereis\/2020\/10\/05\/socio-da-agencia-que-fez-campanha-para-bolsonaro-e-detido-pela-prf-com-r-45-mil-em-dinheiro-vivo\/","title":{"rendered":"S\u00f3cio da ag\u00eancia que fez campanha para Bolsonaro \u00e9 detido pela PRF com R$ 45 mil em dinheiro vivo"},"content":{"rendered":"<p><img loading=\"lazy\" decoding=\"async\" class=\"aligncenter size-full wp-image-5161\" src=\"https:\/\/www.tribunanf.com.br\/blogdoralfereis\/wp-content\/uploads\/sites\/11\/2020\/10\/xo-dinheiro-apreendido-estava-dentro-de-uma-mochila.jpg.pagespeed.ic_.-JFoi6sgvE.jpg\" alt=\"\" width=\"640\" height=\"360\" srcset=\"https:\/\/www.tribunanf.com.br\/blogdoralfereis\/wp-content\/uploads\/sites\/11\/2020\/10\/xo-dinheiro-apreendido-estava-dentro-de-uma-mochila.jpg.pagespeed.ic_.-JFoi6sgvE.jpg 640w, https:\/\/www.tribunanf.com.br\/blogdoralfereis\/wp-content\/uploads\/sites\/11\/2020\/10\/xo-dinheiro-apreendido-estava-dentro-de-uma-mochila.jpg.pagespeed.ic_.-JFoi6sgvE-300x169.jpg 300w\" sizes=\"auto, (max-width: 640px) 100vw, 640px\" \/><\/p>\n<p style=\"text-align: justify;\">A Pol\u00edcia Rodovi\u00e1ria Federal flagrou na noite de s\u00e1bado um dos s\u00f3cios da ag\u00eancia Am4 Brasil Intelig\u00eancia Digital LTDA Alexandre Martins com uma mochila com R$ 45 mil em dinheiro vivo em Volta Redonda, no Sul do estado do Rio. Os policiais o pararam em seu carro, um Toyota\/Hilux com placas de Barra Mansa, no km 257 da Rodovia Pres. Dutra.<\/p>\n<p style=\"text-align: justify;\">Durante a revista do carro, o dinheiro foi encontrado e, segundo a PRF, Martins n\u00e3o soube explicar a origem do dinheiro e, segundo os policiais, demonstrou nervosismo. A ag\u00eancia AM4 trabalhou na produ\u00e7\u00e3o de v\u00eddeo da campanha do presidente Jair Bolsonaro em 2018. Ele \u00e9 s\u00f3cio de Marcos Aur\u00e9lio Carvalho, que coordenou a comunica\u00e7\u00e3o da campanha presidencial.<\/p>\n<p style=\"text-align: justify;\">O GLOBO apurou que Martins estava usando na camisa v\u00e1rios adesivos de campanha de candidatos \u00e0s elei\u00e7\u00f5es municipais na Baixada Fluminense. Os policiais disseram que &#8220;devido \u00e0s diverg\u00eancias apresentadas&#8221; na hora da abordagem houve a suspeita de crime de lavagem de dinheiro. Por isso, Martins foi encaminhado ainda na madrugada para a Pol\u00edcia Federal em Volta Redonda para prestar depoimento e onde o dinheiro ficou apreendido. Depois do depoimento, Martins foi liberado e a PF investigar\u00e1 o caso.<\/p>\n<p style=\"text-align: justify;\">Martins estava atuando tamb\u00e9m na coordena\u00e7\u00e3o da campanha do prefeito Rodrigo Drable, que tenta a reelei\u00e7\u00e3o, e de quem era secret\u00e1rio de governo. Ele tamb\u00e9m foi candidato a deputado federal pelo PSL em 2018, mas teve a candidatura impugnada pela Justi\u00e7a Eleitoral. O GLOBO tentou contato com Martins, mas ele n\u00e3o retornou.<\/p>\n<p style=\"text-align: justify;\">A AM4 informou, por nota, que Alexandre Martins &#8220;n\u00e3o possui nenhum cargo de dire\u00e7\u00e3o e n\u00e3o atua nas empresas do grupo. O fato ao qual a mat\u00e9ria se refere n\u00e3o tem nenhuma rela\u00e7\u00e3o com a empresa e est\u00e1 sendo tratado pelo advogado pessoal de Alexandre. Vale retificar que Alexandre n\u00e3o prestou depoimento na CPI, justamente por n\u00e3o ter desempenhado nenhum papel na campanha do presidente Bolsonaro&#8221;.<\/p>\n<p style=\"text-align: justify;\">Extra*<\/p>\n","protected":false},"excerpt":{"rendered":"<p>A Pol\u00edcia Rodovi\u00e1ria Federal flagrou na noite de s\u00e1bado um dos s\u00f3cios da ag\u00eancia Am4 Brasil Intelig\u00eancia Digital LTDA Alexandre&#8230;<\/p>\n","protected":false},"author":2,"featured_media":5161,"comment_status":"open","ping_status":"open","sticky":false,"template":"","format":"standard","meta":{"colormag_page_container_layout":"default_layout","colormag_page_sidebar_layout":"default_layout","jetpack_post_was_ever_published":false,"_jetpack_newsletter_access":"","_jetpack_dont_email_post_to_subs":false,"_jetpack_newsletter_tier_id":0,"_jetpack_memberships_contains_paywalled_content":false,"_jetpack_memberships_contains_paid_content":false,"footnotes":""},"categories":[2],"tags":[],"class_list":["post-5160","post","type-post","status-publish","format-standard","has-post-thumbnail","hentry","category-politica"],"jetpack_featured_media_url":"https:\/\/www.tribunanf.com.br\/blogdoralfereis\/wp-content\/uploads\/sites\/11\/2020\/10\/xo-dinheiro-apreendido-estava-dentro-de-uma-mochila.jpg.pagespeed.ic_.-JFoi6sgvE.jpg","jetpack_sharing_enabled":true,"_links":{"self":[{"href":"https:\/\/www.tribunanf.com.br\/blogdoralfereis\/wp-json\/wp\/v2\/posts\/5160","targetHints":{"allow":["GET"]}}],"collection":[{"href":"https:\/\/www.tribunanf.com.br\/blogdoralfereis\/wp-json\/wp\/v2\/posts"}],"about":[{"href":"https:\/\/www.tribunanf.com.br\/blogdoralfereis\/wp-json\/wp\/v2\/types\/post"}],"author":[{"embeddable":true,"href":"https:\/\/www.tribunanf.com.br\/blogdoralfereis\/wp-json\/wp\/v2\/users\/2"}],"replies":[{"embeddable":true,"href":"https:\/\/www.tribunanf.com.br\/blogdoralfereis\/wp-json\/wp\/v2\/comments?post=5160"}],"version-history":[{"count":0,"href":"https:\/\/www.tribunanf.com.br\/blogdoralfereis\/wp-json\/wp\/v2\/posts\/5160\/revisions"}],"wp:featuredmedia":[{"embeddable":true,"href":"https:\/\/www.tribunanf.com.br\/blogdoralfereis\/wp-json\/wp\/v2\/media\/5161"}],"wp:attachment":[{"href":"https:\/\/www.tribunanf.com.br\/blogdoralfereis\/wp-json\/wp\/v2\/media?parent=5160"}],"wp:term":[{"taxonomy":"category","embeddable":true,"href":"https:\/\/www.tribunanf.com.br\/blogdoralfereis\/wp-json\/wp\/v2\/categories?post=5160"},{"taxonomy":"post_tag","embeddable":true,"href":"https:\/\/www.tribunanf.com.br\/blogdoralfereis\/wp-json\/wp\/v2\/tags?post=5160"}],"curies":[{"name":"wp","href":"https:\/\/api.w.org\/{rel}","templated":true}]}}