{"id":5158,"date":"2020-10-02T15:53:41","date_gmt":"2020-10-02T18:53:41","guid":{"rendered":"https:\/\/www.tribunanf.com.br\/blogdoralfereis\/?p=5158"},"modified":"2020-10-02T15:53:41","modified_gmt":"2020-10-02T18:53:41","slug":"secretaria-estadual-de-educacao-rj-anuncia-protocolos-para-retomada-das-aulas","status":"publish","type":"post","link":"https:\/\/www.tribunanf.com.br\/blogdoralfereis\/2020\/10\/02\/secretaria-estadual-de-educacao-rj-anuncia-protocolos-para-retomada-das-aulas\/","title":{"rendered":"Secretaria Estadual de Educa\u00e7\u00e3o RJ anuncia protocolos para retomada das aulas"},"content":{"rendered":"<p><img loading=\"lazy\" decoding=\"async\" class=\"aligncenter size-full wp-image-4684\" src=\"https:\/\/www.tribunanf.com.br\/blogdoralfereis\/wp-content\/uploads\/sites\/11\/2020\/08\/alunos-escola.jpg\" alt=\"\" width=\"700\" height=\"394\" srcset=\"https:\/\/www.tribunanf.com.br\/blogdoralfereis\/wp-content\/uploads\/sites\/11\/2020\/08\/alunos-escola.jpg 700w, https:\/\/www.tribunanf.com.br\/blogdoralfereis\/wp-content\/uploads\/sites\/11\/2020\/08\/alunos-escola-300x169.jpg 300w\" sizes=\"auto, (max-width: 700px) 100vw, 700px\" \/><\/p>\n<p style=\"text-align: justify;\">Foi publicado no Di\u00e1rio Oficial desta sexta-feira (02\/10) o protocolo sanit\u00e1rio com medidas a serem tomadas pelas unidades escolares para o retorno seguro das atividades presenciais na rede p\u00fablica de ensino. As escolas dever\u00e3o adequar salas de aula e refeit\u00f3rios para promover o distanciamento social e ter \u00e0 disposi\u00e7\u00e3o equipamentos de prote\u00e7\u00e3o individual (EPIs), como luvas e face shields (protetores faciais) para funcion\u00e1rios, al\u00e9m de m\u00e1scaras para servidores e alunos. Todas as escolas est\u00e3o recebendo um refor\u00e7o nos recursos para a compra dos materiais, al\u00e9m de recipientes para \u00e1lcool em gel 70% e tapetes higienizadores.<\/p>\n<p style=\"text-align: justify;\">&#8211; Queremos possibilitar um retorno seguro, que cumpra todos os protocolos em sa\u00fade, para alunos, professores e demais envolvidos nesse processo. N\u00e3o h\u00e1 a menor chance de fazermos isso sem que n\u00e3o tenhamos todas as convic\u00e7\u00f5es necess\u00e1rias de garantia de vida e sa\u00fade dos professores e o protocolo sanit\u00e1rio estabelecido nas escolas \u2013 afirmou o secret\u00e1rio de Estado de Educa\u00e7\u00e3o, Comte Bittencourt.<\/p>\n<p style=\"text-align: justify;\">O retorno das aulas presenciais, ainda sem data estabelecida, ser\u00e1 apenas para turmas de 3\u00aa s\u00e9rie do Ensino M\u00e9dio Regular e da Fase IV de Educa\u00e7\u00e3o de Jovens e Adultos (EJA).<\/p>\n<p style=\"text-align: justify;\">&#8211; Temos uma agenda nacional que \u00e9 o Exame Nacional do Ensino M\u00e9dio (Enem), em janeiro de 2021. Por isso, nossa prioridade, nesse momento, s\u00e3o esses jovens que est\u00e3o concluindo os estudos \u2013 destacou Comte, acrescentando que os demais anos e s\u00e9ries de escolaridade (6\u00ba ao 9\u00ba ano do Ensino Fundamental e 1\u00aa e 2\u00aa s\u00e9ries do Ensino M\u00e9dio e fases I, II e III de EJA) ter\u00e3o acesso a outros materiais diversificados de estudos e somente voltar\u00e3o \u00e0s atividades presenciais em 2021.<\/p>\n<p style=\"text-align: justify;\">Uma nova resolu\u00e7\u00e3o, desta vez focada na sa\u00fade e seguran\u00e7a dos professores e funcion\u00e1rios da rede p\u00fablica, est\u00e1 em elabora\u00e7\u00e3o pelas secretarias de Educa\u00e7\u00e3o e Sa\u00fade. A testagem dos servidores far\u00e1 parte deste segundo protocolo.<\/p>\n<p style=\"text-align: justify;\">&#8211; Estamos em um esfor\u00e7o conjunto com a Sa\u00fade para fechar todos os procedimentos necess\u00e1rios para uma retomada segura para todos &#8211; finalizou Comte.<\/p>\n<p style=\"text-align: justify;\">Desde que assumiu a pasta, no dia de 25 de setembro, o secret\u00e1rio de Educa\u00e7\u00e3o tem se articulado com diferentes setores para a constru\u00e7\u00e3o conjunta de protocolos para a retomada segura das aulas presenciais na rede p\u00fablica de ensino.<\/p>\n<p style=\"text-align: justify;\">Logo na primeira semana \u00e0 frente da pasta, Comte se reuniu com representantes do Sindicato Estadual dos Profissionais da Educa\u00e7\u00e3o (Sepe-RJ) e visitou o Minist\u00e9rio P\u00fablico, a Defensoria P\u00fablica e a Secretaria de Estado de Sa\u00fade. Nos encontros, foi apresentado um panorama inicial sobre a rede, desde a interrup\u00e7\u00e3o das aulas presenciais devido \u00e0 pandemia.<\/p>\n<p style=\"text-align: justify;\">Ascom*<\/p>\n","protected":false},"excerpt":{"rendered":"<p>Foi publicado no Di\u00e1rio Oficial desta sexta-feira (02\/10) o protocolo sanit\u00e1rio com medidas a serem tomadas pelas unidades escolares para&#8230;<\/p>\n","protected":false},"author":2,"featured_media":4684,"comment_status":"open","ping_status":"open","sticky":false,"template":"","format":"standard","meta":{"colormag_page_container_layout":"default_layout","colormag_page_sidebar_layout":"default_layout","jetpack_post_was_ever_published":false,"_jetpack_newsletter_access":"","_jetpack_dont_email_post_to_subs":false,"_jetpack_newsletter_tier_id":0,"_jetpack_memberships_contains_paywalled_content":false,"_jetpack_memberships_contains_paid_content":false,"footnotes":""},"categories":[2],"tags":[],"class_list":["post-5158","post","type-post","status-publish","format-standard","has-post-thumbnail","hentry","category-politica"],"jetpack_featured_media_url":"https:\/\/www.tribunanf.com.br\/blogdoralfereis\/wp-content\/uploads\/sites\/11\/2020\/08\/alunos-escola.jpg","jetpack_sharing_enabled":true,"_links":{"self":[{"href":"https:\/\/www.tribunanf.com.br\/blogdoralfereis\/wp-json\/wp\/v2\/posts\/5158","targetHints":{"allow":["GET"]}}],"collection":[{"href":"https:\/\/www.tribunanf.com.br\/blogdoralfereis\/wp-json\/wp\/v2\/posts"}],"about":[{"href":"https:\/\/www.tribunanf.com.br\/blogdoralfereis\/wp-json\/wp\/v2\/types\/post"}],"author":[{"embeddable":true,"href":"https:\/\/www.tribunanf.com.br\/blogdoralfereis\/wp-json\/wp\/v2\/users\/2"}],"replies":[{"embeddable":true,"href":"https:\/\/www.tribunanf.com.br\/blogdoralfereis\/wp-json\/wp\/v2\/comments?post=5158"}],"version-history":[{"count":0,"href":"https:\/\/www.tribunanf.com.br\/blogdoralfereis\/wp-json\/wp\/v2\/posts\/5158\/revisions"}],"wp:featuredmedia":[{"embeddable":true,"href":"https:\/\/www.tribunanf.com.br\/blogdoralfereis\/wp-json\/wp\/v2\/media\/4684"}],"wp:attachment":[{"href":"https:\/\/www.tribunanf.com.br\/blogdoralfereis\/wp-json\/wp\/v2\/media?parent=5158"}],"wp:term":[{"taxonomy":"category","embeddable":true,"href":"https:\/\/www.tribunanf.com.br\/blogdoralfereis\/wp-json\/wp\/v2\/categories?post=5158"},{"taxonomy":"post_tag","embeddable":true,"href":"https:\/\/www.tribunanf.com.br\/blogdoralfereis\/wp-json\/wp\/v2\/tags?post=5158"}],"curies":[{"name":"wp","href":"https:\/\/api.w.org\/{rel}","templated":true}]}}