{"id":5156,"date":"2020-10-01T17:45:31","date_gmt":"2020-10-01T20:45:31","guid":{"rendered":"https:\/\/www.tribunanf.com.br\/blogdoralfereis\/?p=5156"},"modified":"2020-10-01T17:45:31","modified_gmt":"2020-10-01T20:45:31","slug":"claudio-castro-mexe-nas-estruturas-montadas-por-lucas-tristao","status":"publish","type":"post","link":"https:\/\/www.tribunanf.com.br\/blogdoralfereis\/2020\/10\/01\/claudio-castro-mexe-nas-estruturas-montadas-por-lucas-tristao\/","title":{"rendered":"Cl\u00e1udio Castro mexe nas estruturas montadas por Lucas Trist\u00e3o"},"content":{"rendered":"<p><img loading=\"lazy\" decoding=\"async\" class=\"aligncenter size-full wp-image-4849\" src=\"https:\/\/www.tribunanf.com.br\/blogdoralfereis\/wp-content\/uploads\/sites\/11\/2020\/09\/claudio_castro.jpg\" alt=\"\" width=\"640\" height=\"424\" srcset=\"https:\/\/www.tribunanf.com.br\/blogdoralfereis\/wp-content\/uploads\/sites\/11\/2020\/09\/claudio_castro.jpg 640w, https:\/\/www.tribunanf.com.br\/blogdoralfereis\/wp-content\/uploads\/sites\/11\/2020\/09\/claudio_castro-300x199.jpg 300w\" sizes=\"auto, (max-width: 640px) 100vw, 640px\" \/><\/p>\n<p style=\"text-align: justify;\">O governador em exerc\u00edcio do Rio de Janeiro, Claudio Castro, come\u00e7ou a mexer nas estruturas montadas na AgeRio (Ag\u00eancia Estadual de Fomento) pelo ex-bra\u00e7o-direito de Wilson Witzel, Lucas Trist\u00e3o, hoje vivendo em Bangu 8.<\/p>\n<p style=\"text-align: justify;\">Castro acaba de indicar para a presid\u00eancia da ag\u00eancia Andr\u00e9 Vila Verde, servidor de carreira da AgeRio.<\/p>\n<p style=\"text-align: justify;\">Trist\u00e3o foi do conselho da AgeRio, que era subordinada \u00e0 Secretaria de Desenvolvimento Econ\u00f4mico, comandada por ele.<\/p>\n<p>Blog do Lauro Jardim*<\/p>\n","protected":false},"excerpt":{"rendered":"<p>O governador em exerc\u00edcio do Rio de Janeiro, Claudio Castro, come\u00e7ou a mexer nas estruturas montadas na AgeRio (Ag\u00eancia Estadual&#8230;<\/p>\n","protected":false},"author":2,"featured_media":4849,"comment_status":"open","ping_status":"open","sticky":false,"template":"","format":"standard","meta":{"colormag_page_container_layout":"default_layout","colormag_page_sidebar_layout":"default_layout","jetpack_post_was_ever_published":false,"_jetpack_newsletter_access":"","_jetpack_dont_email_post_to_subs":false,"_jetpack_newsletter_tier_id":0,"_jetpack_memberships_contains_paywalled_content":false,"_jetpack_memberships_contains_paid_content":false,"footnotes":""},"categories":[2],"tags":[],"class_list":["post-5156","post","type-post","status-publish","format-standard","has-post-thumbnail","hentry","category-politica"],"jetpack_featured_media_url":"https:\/\/www.tribunanf.com.br\/blogdoralfereis\/wp-content\/uploads\/sites\/11\/2020\/09\/claudio_castro.jpg","jetpack_sharing_enabled":true,"_links":{"self":[{"href":"https:\/\/www.tribunanf.com.br\/blogdoralfereis\/wp-json\/wp\/v2\/posts\/5156","targetHints":{"allow":["GET"]}}],"collection":[{"href":"https:\/\/www.tribunanf.com.br\/blogdoralfereis\/wp-json\/wp\/v2\/posts"}],"about":[{"href":"https:\/\/www.tribunanf.com.br\/blogdoralfereis\/wp-json\/wp\/v2\/types\/post"}],"author":[{"embeddable":true,"href":"https:\/\/www.tribunanf.com.br\/blogdoralfereis\/wp-json\/wp\/v2\/users\/2"}],"replies":[{"embeddable":true,"href":"https:\/\/www.tribunanf.com.br\/blogdoralfereis\/wp-json\/wp\/v2\/comments?post=5156"}],"version-history":[{"count":0,"href":"https:\/\/www.tribunanf.com.br\/blogdoralfereis\/wp-json\/wp\/v2\/posts\/5156\/revisions"}],"wp:featuredmedia":[{"embeddable":true,"href":"https:\/\/www.tribunanf.com.br\/blogdoralfereis\/wp-json\/wp\/v2\/media\/4849"}],"wp:attachment":[{"href":"https:\/\/www.tribunanf.com.br\/blogdoralfereis\/wp-json\/wp\/v2\/media?parent=5156"}],"wp:term":[{"taxonomy":"category","embeddable":true,"href":"https:\/\/www.tribunanf.com.br\/blogdoralfereis\/wp-json\/wp\/v2\/categories?post=5156"},{"taxonomy":"post_tag","embeddable":true,"href":"https:\/\/www.tribunanf.com.br\/blogdoralfereis\/wp-json\/wp\/v2\/tags?post=5156"}],"curies":[{"name":"wp","href":"https:\/\/api.w.org\/{rel}","templated":true}]}}