{"id":5153,"date":"2020-10-01T15:30:57","date_gmt":"2020-10-01T18:30:57","guid":{"rendered":"https:\/\/www.tribunanf.com.br\/blogdoralfereis\/?p=5153"},"modified":"2020-10-01T15:30:57","modified_gmt":"2020-10-01T18:30:57","slug":"tribunal-misto-escolhe-relator-do-impeachment-de-witzel","status":"publish","type":"post","link":"https:\/\/www.tribunanf.com.br\/blogdoralfereis\/2020\/10\/01\/tribunal-misto-escolhe-relator-do-impeachment-de-witzel\/","title":{"rendered":"Tribunal Misto escolhe relator do impeachment de Witzel"},"content":{"rendered":"<p><img loading=\"lazy\" decoding=\"async\" class=\"aligncenter size-large wp-image-4769\" src=\"https:\/\/www.tribunanf.com.br\/blogdoralfereis\/wp-content\/uploads\/sites\/11\/2020\/08\/wilson-witzel-1024x615.jpg\" alt=\"\" width=\"800\" height=\"480\" srcset=\"https:\/\/www.tribunanf.com.br\/blogdoralfereis\/wp-content\/uploads\/sites\/11\/2020\/08\/wilson-witzel-1024x615.jpg 1024w, https:\/\/www.tribunanf.com.br\/blogdoralfereis\/wp-content\/uploads\/sites\/11\/2020\/08\/wilson-witzel-300x180.jpg 300w, https:\/\/www.tribunanf.com.br\/blogdoralfereis\/wp-content\/uploads\/sites\/11\/2020\/08\/wilson-witzel-768x461.jpg 768w, https:\/\/www.tribunanf.com.br\/blogdoralfereis\/wp-content\/uploads\/sites\/11\/2020\/08\/wilson-witzel.jpg 1086w\" sizes=\"auto, (max-width: 800px) 100vw, 800px\" \/><\/p>\n<p style=\"text-align: justify;\">O deputado Waldeck Carneiro (PT) foi sorteado relator do Tribunal Misto, que julga o pedido de impeachment do governador Wilson Witzel (PSC).<\/p>\n<p style=\"text-align: justify;\">A primeira reuni\u00e3o dos integrantes do tribunal aconteceu nesta quinta-feira (1\u00ba) no Tribunal de Justi\u00e7a do Rio. Cada integrante da comiss\u00e3o mista recebeu um n\u00famero antes do sorteio. O deputado era o n\u00famero 4 .<\/p>\n<p style=\"text-align: justify;\">Veja quais s\u00e3o agora os pr\u00f3ximos passos:<\/p>\n<div class=\"mc-column content-text active-extra-styles\" style=\"text-align: justify;\" data-block-type=\"raw\" data-block-weight=\"88\" data-block-id=\"4\">\n<ul class=\"content-unordered-list\">\n<li>Tribunal Misto nomeia relator por sorteio (pode ser deputado ou desembargador)<\/li>\n<li>Presidente do Tribunal de Justi\u00e7a \u00e9 o presidente do Tribunal Misto<\/li>\n<li>Ap\u00f3s a escolha do relator, Witzel \u00e9 notificado e tem 15 dias para se defender<\/li>\n<li>Ap\u00f3s apresenta\u00e7\u00e3o da defesa, o relator vota se \u00e9 contra ou a favor da instaura\u00e7\u00e3o do processo<\/li>\n<li>Em seguida, o Tribunal Misto vota se afasta ou n\u00e3o o governador<\/li>\n<li>A Comiss\u00e3o tem at\u00e9 180 dias para conclus\u00e3o sobre o pedido de impeachment<\/li>\n<li>O prazo estimado para conclus\u00e3o \u00e9 de 120 dias.<\/li>\n<\/ul>\n<p>O tribunal \u00e9 formado por cinco desembargadores e cinco deputados estuais. Os parlamentares foram escolhidos na ter\u00e7a-feira (29) S\u00e3o eles:<\/p>\n<\/div>\n<div class=\"mc-column content-text active-extra-styles\" data-block-type=\"raw\" data-block-weight=\"95\" data-block-id=\"6\">\n<ol class=\"content-ordered-list theme-ordered-list-color-primary\" style=\"text-align: justify;\">\n<li>Carlos Macedo (REP) &#8211; \u00e9 o l\u00edder do Republicanos na Alerj e est\u00e1 no segundo mandato<\/li>\n<li>Dani Monteiro (PSOL) &#8211; est\u00e1 no primeiro mandato e \u00e9 a l\u00edder do partido na assembleia<\/li>\n<li>Waldeck Carneiro (PT) &#8211; est\u00e1 no segundo mandato. Ele preside a Comiss\u00e3o de Ci\u00eancia e Tecnologia da Alerj<\/li>\n<li>Chico Machado (PSD) &#8211; est\u00e1 no primeiro mandato e foi o presidente da Comiss\u00e3o de Impeachment da Alerj<\/li>\n<li>Alexandre Freitas (Novo) &#8211; exerce seu primeiro mandato.<\/li>\n<\/ol>\n<div class=\"mc-column content-text active-extra-styles \" style=\"text-align: justify;\" data-block-type=\"unstyled\" data-block-weight=\"28\" data-block-id=\"7\">\n<p class=\"content-text__container \" data-track-category=\"Link no Texto\" data-track-links=\"\">As outras cinco vagas foram\u00a0preenchidas por desembargadores do Tribunal de Justi\u00e7a\u00a0do Rio de Janeiro (TJRJ). O sorteio dos nomes aconteceu na segunda-feira (28). S\u00e3o eles:<\/p>\n<\/div>\n<div class=\"mc-column content-text active-extra-styles\" data-block-type=\"raw\" data-block-weight=\"130\" data-block-id=\"8\">\n<ol class=\"content-ordered-list theme-ordered-list-color-primary\" style=\"text-align: justify;\">\n<li>In\u00eas da Trindade Chaves de Melo &#8211; foi promotora na d\u00e9cada de 1980 e se tornou ju\u00edza em 1990. \u00c9 desembargadora desde 2010<\/li>\n<li>Fernando Foch de Lemos Arigony da Silva &#8211; \u00e9 desembargador desde 2005, com votos e publica\u00e7\u00f5es que defendem as liberdades de imprensa e de express\u00e3o<\/li>\n<li>Maria da Gl\u00f3ria Bandeira de Mello &#8211; assumiu como desembargadora em 2019 ap\u00f3s 24 anos como ju\u00edza<\/li>\n<li>Jos\u00e9 Carlos Maldonado de Carvalho &#8211; \u00e9 desembargador desde 2003 e j\u00e1 recebeu uma medalha Tiradentes. \u00c9 autor de publica\u00e7\u00f5es em direito do consumidor e direito da sa\u00fade<\/li>\n<li>Teresa de Andrade Castro Neves &#8211; ocupa o cargo desde 2008 e foi ju\u00edza por 10 anos na 17\u00aa Vara C\u00edvel. Ela \u00e9 a primeira-vice presidente da Associa\u00e7\u00e3o dos Magistrados do Estado (Amaerj).<\/li>\n<\/ol>\n<p style=\"text-align: justify;\"><strong>O que cabe ao Tribunal Misto<\/strong><\/p>\n<p style=\"text-align: justify;\">O Tribunal Misto \u00e9 formado por cinco magistrados e cinco deputados.<\/p>\n<p style=\"text-align: justify;\">Num primeiro momento, o tribunal define se Wilson Witzel deve ser afastado do cargo. Depois, se ele cometeu crime de responsabilidade e se deve perder os direitos pol\u00edticos.<\/p>\n<p style=\"text-align: justify;\">Independentemente da decis\u00e3o do Tribunal Misto, Witzel j\u00e1 est\u00e1 afastado do cargo por decis\u00e3o do ministro Benedito Gon\u00e7alves, do Superior Tribunal de Justi\u00e7a (STJ).<\/p>\n<\/div>\n<\/div>\n","protected":false},"excerpt":{"rendered":"<p>O deputado Waldeck Carneiro (PT) foi sorteado relator do Tribunal Misto, que julga o pedido de impeachment do governador Wilson&#8230;<\/p>\n","protected":false},"author":2,"featured_media":4769,"comment_status":"open","ping_status":"open","sticky":false,"template":"","format":"standard","meta":{"colormag_page_container_layout":"default_layout","colormag_page_sidebar_layout":"default_layout","jetpack_post_was_ever_published":false,"_jetpack_newsletter_access":"","_jetpack_dont_email_post_to_subs":false,"_jetpack_newsletter_tier_id":0,"_jetpack_memberships_contains_paywalled_content":false,"_jetpack_memberships_contains_paid_content":false,"footnotes":""},"categories":[2],"tags":[],"class_list":["post-5153","post","type-post","status-publish","format-standard","has-post-thumbnail","hentry","category-politica"],"jetpack_featured_media_url":"https:\/\/www.tribunanf.com.br\/blogdoralfereis\/wp-content\/uploads\/sites\/11\/2020\/08\/wilson-witzel.jpg","jetpack_sharing_enabled":true,"_links":{"self":[{"href":"https:\/\/www.tribunanf.com.br\/blogdoralfereis\/wp-json\/wp\/v2\/posts\/5153","targetHints":{"allow":["GET"]}}],"collection":[{"href":"https:\/\/www.tribunanf.com.br\/blogdoralfereis\/wp-json\/wp\/v2\/posts"}],"about":[{"href":"https:\/\/www.tribunanf.com.br\/blogdoralfereis\/wp-json\/wp\/v2\/types\/post"}],"author":[{"embeddable":true,"href":"https:\/\/www.tribunanf.com.br\/blogdoralfereis\/wp-json\/wp\/v2\/users\/2"}],"replies":[{"embeddable":true,"href":"https:\/\/www.tribunanf.com.br\/blogdoralfereis\/wp-json\/wp\/v2\/comments?post=5153"}],"version-history":[{"count":0,"href":"https:\/\/www.tribunanf.com.br\/blogdoralfereis\/wp-json\/wp\/v2\/posts\/5153\/revisions"}],"wp:featuredmedia":[{"embeddable":true,"href":"https:\/\/www.tribunanf.com.br\/blogdoralfereis\/wp-json\/wp\/v2\/media\/4769"}],"wp:attachment":[{"href":"https:\/\/www.tribunanf.com.br\/blogdoralfereis\/wp-json\/wp\/v2\/media?parent=5153"}],"wp:term":[{"taxonomy":"category","embeddable":true,"href":"https:\/\/www.tribunanf.com.br\/blogdoralfereis\/wp-json\/wp\/v2\/categories?post=5153"},{"taxonomy":"post_tag","embeddable":true,"href":"https:\/\/www.tribunanf.com.br\/blogdoralfereis\/wp-json\/wp\/v2\/tags?post=5153"}],"curies":[{"name":"wp","href":"https:\/\/api.w.org\/{rel}","templated":true}]}}