{"id":5141,"date":"2020-09-29T17:11:09","date_gmt":"2020-09-29T20:11:09","guid":{"rendered":"https:\/\/www.tribunanf.com.br\/blogdoralfereis\/?p=5141"},"modified":"2020-09-29T17:11:09","modified_gmt":"2020-09-29T20:11:09","slug":"alerj-escolhe-os-cinco-deputados-que-julgarao-o-impeachment-de-witzel","status":"publish","type":"post","link":"https:\/\/www.tribunanf.com.br\/blogdoralfereis\/2020\/09\/29\/alerj-escolhe-os-cinco-deputados-que-julgarao-o-impeachment-de-witzel\/","title":{"rendered":"Alerj escolhe os cinco deputados que julgar\u00e3o o impeachment de Witzel"},"content":{"rendered":"<p><img loading=\"lazy\" decoding=\"async\" class=\"aligncenter size-large wp-image-4213\" src=\"https:\/\/www.tribunanf.com.br\/blogdoralfereis\/wp-content\/uploads\/sites\/11\/2020\/06\/witzel-1024x615.jpg\" alt=\"\" width=\"800\" height=\"480\" srcset=\"https:\/\/www.tribunanf.com.br\/blogdoralfereis\/wp-content\/uploads\/sites\/11\/2020\/06\/witzel-1024x615.jpg 1024w, https:\/\/www.tribunanf.com.br\/blogdoralfereis\/wp-content\/uploads\/sites\/11\/2020\/06\/witzel-300x180.jpg 300w, https:\/\/www.tribunanf.com.br\/blogdoralfereis\/wp-content\/uploads\/sites\/11\/2020\/06\/witzel-768x461.jpg 768w, https:\/\/www.tribunanf.com.br\/blogdoralfereis\/wp-content\/uploads\/sites\/11\/2020\/06\/witzel.jpg 1086w\" sizes=\"auto, (max-width: 800px) 100vw, 800px\" \/><\/p>\n<p style=\"text-align: justify;\">A Alerj escolheu na tarde desta ter\u00e7a-feira (29) os nomes dos cinco deputados estaduais que v\u00e3o compor o tribunal misto respons\u00e1vel por julgar o impeachment de Wilson Witzel.<\/p>\n<p style=\"text-align: justify;\">Os escolhidos por vota\u00e7\u00e3o no plen\u00e1rio da Assembleia do Rio foram Alexandre Freitas (Novo), Waldeck Carneiro (PT), Chico Machado (PSD), Dani Monteiro (PSOL) e Anderson Moraes (PSL).<\/p>\n<p style=\"text-align: justify;\">Ontem, <a href=\"https:\/\/www.tribunanf.com.br\/blogdoralfereis\/2020\/09\/28\/tj-define-os-5-desembargadores-que-vao-julgar-pedido-de-impeachment-de-witzel\/\">o TJ-RJ sorteou os cinco desembargadores que completar\u00e3o o tribunal misto<\/a>. Se a maioria simples dos dez membros aceitar a den\u00fancia contra o governador afastado pelo STJ, ele ser\u00e1 condenado a um \u201csegundo afastamento\u201d, de 180 dias.<\/p>\n<p style=\"text-align: justify;\">Witzel ter\u00e1 esse per\u00edodo para apresentar sua defesa. Na vota\u00e7\u00e3o final, s\u00e3o necess\u00e1rios dois ter\u00e7os dos votos do tribunal misto \u2014ou seja, sete votos\u2014 para cassar seu mandato.<\/p>\n<p style=\"text-align: justify;\">Segundo o UOL, o governador afastado do Rio acredita que todos os deputados ser\u00e3o favor\u00e1veis \u00e0 sua sa\u00edda do cargo e quer tentar converter os votos de quatro desembargadores.<\/p>\n","protected":false},"excerpt":{"rendered":"<p>A Alerj escolheu na tarde desta ter\u00e7a-feira (29) os nomes dos cinco deputados estaduais que v\u00e3o compor o tribunal misto&#8230;<\/p>\n","protected":false},"author":2,"featured_media":4213,"comment_status":"open","ping_status":"open","sticky":false,"template":"","format":"standard","meta":{"colormag_page_container_layout":"default_layout","colormag_page_sidebar_layout":"default_layout","jetpack_post_was_ever_published":false,"_jetpack_newsletter_access":"","_jetpack_dont_email_post_to_subs":false,"_jetpack_newsletter_tier_id":0,"_jetpack_memberships_contains_paywalled_content":false,"_jetpack_memberships_contains_paid_content":false,"footnotes":""},"categories":[2],"tags":[],"class_list":["post-5141","post","type-post","status-publish","format-standard","has-post-thumbnail","hentry","category-politica"],"jetpack_featured_media_url":"https:\/\/www.tribunanf.com.br\/blogdoralfereis\/wp-content\/uploads\/sites\/11\/2020\/06\/witzel.jpg","jetpack_sharing_enabled":true,"_links":{"self":[{"href":"https:\/\/www.tribunanf.com.br\/blogdoralfereis\/wp-json\/wp\/v2\/posts\/5141","targetHints":{"allow":["GET"]}}],"collection":[{"href":"https:\/\/www.tribunanf.com.br\/blogdoralfereis\/wp-json\/wp\/v2\/posts"}],"about":[{"href":"https:\/\/www.tribunanf.com.br\/blogdoralfereis\/wp-json\/wp\/v2\/types\/post"}],"author":[{"embeddable":true,"href":"https:\/\/www.tribunanf.com.br\/blogdoralfereis\/wp-json\/wp\/v2\/users\/2"}],"replies":[{"embeddable":true,"href":"https:\/\/www.tribunanf.com.br\/blogdoralfereis\/wp-json\/wp\/v2\/comments?post=5141"}],"version-history":[{"count":0,"href":"https:\/\/www.tribunanf.com.br\/blogdoralfereis\/wp-json\/wp\/v2\/posts\/5141\/revisions"}],"wp:featuredmedia":[{"embeddable":true,"href":"https:\/\/www.tribunanf.com.br\/blogdoralfereis\/wp-json\/wp\/v2\/media\/4213"}],"wp:attachment":[{"href":"https:\/\/www.tribunanf.com.br\/blogdoralfereis\/wp-json\/wp\/v2\/media?parent=5141"}],"wp:term":[{"taxonomy":"category","embeddable":true,"href":"https:\/\/www.tribunanf.com.br\/blogdoralfereis\/wp-json\/wp\/v2\/categories?post=5141"},{"taxonomy":"post_tag","embeddable":true,"href":"https:\/\/www.tribunanf.com.br\/blogdoralfereis\/wp-json\/wp\/v2\/tags?post=5141"}],"curies":[{"name":"wp","href":"https:\/\/api.w.org\/{rel}","templated":true}]}}