{"id":5028,"date":"2020-09-16T09:24:53","date_gmt":"2020-09-16T12:24:53","guid":{"rendered":"https:\/\/www.tribunanf.com.br\/blogdoralfereis\/?p=5028"},"modified":"2020-09-16T09:24:53","modified_gmt":"2020-09-16T12:24:53","slug":"claudio-castro-muda-comando-em-duas-secretarias","status":"publish","type":"post","link":"https:\/\/www.tribunanf.com.br\/blogdoralfereis\/2020\/09\/16\/claudio-castro-muda-comando-em-duas-secretarias\/","title":{"rendered":"Cl\u00e1udio Castro muda comando em duas secretarias"},"content":{"rendered":"<p><img loading=\"lazy\" decoding=\"async\" class=\"aligncenter size-full wp-image-4901\" src=\"https:\/\/www.tribunanf.com.br\/blogdoralfereis\/wp-content\/uploads\/sites\/11\/2020\/09\/claudio-castro-2.jpg\" alt=\"\" width=\"1086\" height=\"652\" srcset=\"https:\/\/www.tribunanf.com.br\/blogdoralfereis\/wp-content\/uploads\/sites\/11\/2020\/09\/claudio-castro-2.jpg 1086w, https:\/\/www.tribunanf.com.br\/blogdoralfereis\/wp-content\/uploads\/sites\/11\/2020\/09\/claudio-castro-2-300x180.jpg 300w, https:\/\/www.tribunanf.com.br\/blogdoralfereis\/wp-content\/uploads\/sites\/11\/2020\/09\/claudio-castro-2-1024x615.jpg 1024w, https:\/\/www.tribunanf.com.br\/blogdoralfereis\/wp-content\/uploads\/sites\/11\/2020\/09\/claudio-castro-2-768x461.jpg 768w\" sizes=\"auto, (max-width: 1086px) 100vw, 1086px\" \/><\/p>\n<p style=\"text-align: justify;\">O Governo do Estado do Rio de Janeiro publicou na edi\u00e7\u00e3o desta quarta-feira (16) do Di\u00e1rio Oficial mudan\u00e7as feitas pelo governador em exerc\u00edcio, Cl\u00e1udio Castro, em duas secretarias.<\/p>\n<p style=\"text-align: justify;\">A pasta de Ci\u00eancia e Tecnologia ser\u00e1 comandada pela professora universit\u00e1ria Maria Isabel de Castro de Souza e o engenheiro Uruan Cintra de Andrade assume a Secretaria de Cidades. Al\u00e9m disso, ele responder\u00e1 interinamente pela Secretaria de Trabalho e Renda.<\/p>\n<p style=\"text-align: justify;\">Maria Isabel de Castro de Souza \u00e9 doutora em Odontologia pela Universidade Federal do Rio de Janeiro (UFRJ). Foi Subsecret\u00e1ria de Ci\u00eancia e Tecnologia e presidente da Faperj. Tem experi\u00eancia em Odontopediatria, Sa\u00fade Coletiva e telessa\u00fade.<\/p>\n<p style=\"text-align: justify;\">Uruan Cintra de Andrade \u00e9 engenheiro formado pela Universidade Gama Filho. Ele tem experi\u00eancia nas \u00e1reas de Gest\u00e3o, Comercial, Operacional e de Equipamentos da extinta Telerj. Tamb\u00e9m foi gestor de Projetos Estrat\u00e9gicos de Infraestrutura no Detran-RJ. Assumiu a presid\u00eancia do Departamento de Estradas de Rodagem do Estado do Rio de Janeiro (DER-RJ) em janeiro de 2019.<\/p>\n<p><img loading=\"lazy\" decoding=\"async\" class=\"aligncenter size-full wp-image-5029\" src=\"https:\/\/www.tribunanf.com.br\/blogdoralfereis\/wp-content\/uploads\/sites\/11\/2020\/09\/do.jpeg\" alt=\"\" width=\"984\" height=\"883\" srcset=\"https:\/\/www.tribunanf.com.br\/blogdoralfereis\/wp-content\/uploads\/sites\/11\/2020\/09\/do.jpeg 984w, https:\/\/www.tribunanf.com.br\/blogdoralfereis\/wp-content\/uploads\/sites\/11\/2020\/09\/do-300x269.jpeg 300w, https:\/\/www.tribunanf.com.br\/blogdoralfereis\/wp-content\/uploads\/sites\/11\/2020\/09\/do-768x689.jpeg 768w\" sizes=\"auto, (max-width: 984px) 100vw, 984px\" \/><\/p>\n","protected":false},"excerpt":{"rendered":"<p>O Governo do Estado do Rio de Janeiro publicou na edi\u00e7\u00e3o desta quarta-feira (16) do Di\u00e1rio Oficial mudan\u00e7as feitas pelo&#8230;<\/p>\n","protected":false},"author":2,"featured_media":4901,"comment_status":"open","ping_status":"open","sticky":false,"template":"","format":"standard","meta":{"colormag_page_container_layout":"default_layout","colormag_page_sidebar_layout":"default_layout","jetpack_post_was_ever_published":false,"_jetpack_newsletter_access":"","_jetpack_dont_email_post_to_subs":false,"_jetpack_newsletter_tier_id":0,"_jetpack_memberships_contains_paywalled_content":false,"_jetpack_memberships_contains_paid_content":false,"footnotes":""},"categories":[2],"tags":[],"class_list":["post-5028","post","type-post","status-publish","format-standard","has-post-thumbnail","hentry","category-politica"],"jetpack_featured_media_url":"https:\/\/www.tribunanf.com.br\/blogdoralfereis\/wp-content\/uploads\/sites\/11\/2020\/09\/claudio-castro-2.jpg","jetpack_sharing_enabled":true,"_links":{"self":[{"href":"https:\/\/www.tribunanf.com.br\/blogdoralfereis\/wp-json\/wp\/v2\/posts\/5028","targetHints":{"allow":["GET"]}}],"collection":[{"href":"https:\/\/www.tribunanf.com.br\/blogdoralfereis\/wp-json\/wp\/v2\/posts"}],"about":[{"href":"https:\/\/www.tribunanf.com.br\/blogdoralfereis\/wp-json\/wp\/v2\/types\/post"}],"author":[{"embeddable":true,"href":"https:\/\/www.tribunanf.com.br\/blogdoralfereis\/wp-json\/wp\/v2\/users\/2"}],"replies":[{"embeddable":true,"href":"https:\/\/www.tribunanf.com.br\/blogdoralfereis\/wp-json\/wp\/v2\/comments?post=5028"}],"version-history":[{"count":0,"href":"https:\/\/www.tribunanf.com.br\/blogdoralfereis\/wp-json\/wp\/v2\/posts\/5028\/revisions"}],"wp:featuredmedia":[{"embeddable":true,"href":"https:\/\/www.tribunanf.com.br\/blogdoralfereis\/wp-json\/wp\/v2\/media\/4901"}],"wp:attachment":[{"href":"https:\/\/www.tribunanf.com.br\/blogdoralfereis\/wp-json\/wp\/v2\/media?parent=5028"}],"wp:term":[{"taxonomy":"category","embeddable":true,"href":"https:\/\/www.tribunanf.com.br\/blogdoralfereis\/wp-json\/wp\/v2\/categories?post=5028"},{"taxonomy":"post_tag","embeddable":true,"href":"https:\/\/www.tribunanf.com.br\/blogdoralfereis\/wp-json\/wp\/v2\/tags?post=5028"}],"curies":[{"name":"wp","href":"https:\/\/api.w.org\/{rel}","templated":true}]}}