{"id":5022,"date":"2020-09-16T07:57:03","date_gmt":"2020-09-16T10:57:03","guid":{"rendered":"https:\/\/www.tribunanf.com.br\/blogdoralfereis\/?p=5022"},"modified":"2020-09-16T07:57:03","modified_gmt":"2020-09-16T10:57:03","slug":"coronel-fabiano-e-confirmado-como-pre-candidato-a-prefeitura-de-campos-pelo-psl","status":"publish","type":"post","link":"https:\/\/www.tribunanf.com.br\/blogdoralfereis\/2020\/09\/16\/coronel-fabiano-e-confirmado-como-pre-candidato-a-prefeitura-de-campos-pelo-psl\/","title":{"rendered":"Coronel Fabiano \u00e9 confirmado como pr\u00e9-candidato \u00e0 Prefeitura de Campos pelo PSL"},"content":{"rendered":"<p><img loading=\"lazy\" decoding=\"async\" class=\"aligncenter size-full wp-image-5024\" src=\"https:\/\/www.tribunanf.com.br\/blogdoralfereis\/wp-content\/uploads\/sites\/11\/2020\/09\/1_psl_2-1674673.jpeg\" alt=\"\" width=\"600\" height=\"534\" srcset=\"https:\/\/www.tribunanf.com.br\/blogdoralfereis\/wp-content\/uploads\/sites\/11\/2020\/09\/1_psl_2-1674673.jpeg 600w, https:\/\/www.tribunanf.com.br\/blogdoralfereis\/wp-content\/uploads\/sites\/11\/2020\/09\/1_psl_2-1674673-300x267.jpeg 300w\" sizes=\"auto, (max-width: 600px) 100vw, 600px\" \/><\/p>\n<p style=\"text-align: justify;\">Ex-comandante do 8\u00ba Batalh\u00e3o de Pol\u00edcia Militar (8\u00ba BPM), Fabiano Santos foi oficializado pelo PSL como pr\u00e9-candidato \u00e0 prefeitura de Campos. A conven\u00e7\u00e3o do partido aconteceu na noite desta ter\u00e7a-feira (15).<\/p>\n<p style=\"text-align: justify;\">O nome do vice ainda n\u00e3o foi definido e a legenda tem at\u00e9 essa quarta-feira (16), quando termina o prazo da Justi\u00e7a Eleitoral. No entanto, Later\u00e7a declarou que eventuais coliga\u00e7\u00f5es ainda est\u00e3o sendo estudadas e novidades podem acontecer at\u00e9 o fechamento da janela de conven\u00e7\u00f5es.<\/p>\n<p style=\"text-align: justify;\">Al\u00e9m de Fabiano, tamb\u00e9m participaram do encontro o vice-presidente estadual do partido e deputado federal Fel\u00edcio Later\u00e7a, o presidente do diret\u00f3rio municipal Nildo Cardoso, al\u00e9m de pr\u00e9-candidatos a vereador pela legenda.<\/p>\n","protected":false},"excerpt":{"rendered":"<p>Ex-comandante do 8\u00ba Batalh\u00e3o de Pol\u00edcia Militar (8\u00ba BPM), Fabiano Santos foi oficializado pelo PSL como pr\u00e9-candidato \u00e0 prefeitura de&#8230;<\/p>\n","protected":false},"author":2,"featured_media":5024,"comment_status":"open","ping_status":"open","sticky":false,"template":"","format":"standard","meta":{"colormag_page_container_layout":"default_layout","colormag_page_sidebar_layout":"default_layout","jetpack_post_was_ever_published":false,"_jetpack_newsletter_access":"","_jetpack_dont_email_post_to_subs":false,"_jetpack_newsletter_tier_id":0,"_jetpack_memberships_contains_paywalled_content":false,"_jetpack_memberships_contains_paid_content":false,"footnotes":""},"categories":[2],"tags":[],"class_list":["post-5022","post","type-post","status-publish","format-standard","has-post-thumbnail","hentry","category-politica"],"jetpack_featured_media_url":"https:\/\/www.tribunanf.com.br\/blogdoralfereis\/wp-content\/uploads\/sites\/11\/2020\/09\/1_psl_2-1674673.jpeg","jetpack_sharing_enabled":true,"_links":{"self":[{"href":"https:\/\/www.tribunanf.com.br\/blogdoralfereis\/wp-json\/wp\/v2\/posts\/5022","targetHints":{"allow":["GET"]}}],"collection":[{"href":"https:\/\/www.tribunanf.com.br\/blogdoralfereis\/wp-json\/wp\/v2\/posts"}],"about":[{"href":"https:\/\/www.tribunanf.com.br\/blogdoralfereis\/wp-json\/wp\/v2\/types\/post"}],"author":[{"embeddable":true,"href":"https:\/\/www.tribunanf.com.br\/blogdoralfereis\/wp-json\/wp\/v2\/users\/2"}],"replies":[{"embeddable":true,"href":"https:\/\/www.tribunanf.com.br\/blogdoralfereis\/wp-json\/wp\/v2\/comments?post=5022"}],"version-history":[{"count":0,"href":"https:\/\/www.tribunanf.com.br\/blogdoralfereis\/wp-json\/wp\/v2\/posts\/5022\/revisions"}],"wp:featuredmedia":[{"embeddable":true,"href":"https:\/\/www.tribunanf.com.br\/blogdoralfereis\/wp-json\/wp\/v2\/media\/5024"}],"wp:attachment":[{"href":"https:\/\/www.tribunanf.com.br\/blogdoralfereis\/wp-json\/wp\/v2\/media?parent=5022"}],"wp:term":[{"taxonomy":"category","embeddable":true,"href":"https:\/\/www.tribunanf.com.br\/blogdoralfereis\/wp-json\/wp\/v2\/categories?post=5022"},{"taxonomy":"post_tag","embeddable":true,"href":"https:\/\/www.tribunanf.com.br\/blogdoralfereis\/wp-json\/wp\/v2\/tags?post=5022"}],"curies":[{"name":"wp","href":"https:\/\/api.w.org\/{rel}","templated":true}]}}