{"id":5019,"date":"2020-09-16T07:52:23","date_gmt":"2020-09-16T10:52:23","guid":{"rendered":"https:\/\/www.tribunanf.com.br\/blogdoralfereis\/?p=5019"},"modified":"2020-09-16T07:52:23","modified_gmt":"2020-09-16T10:52:23","slug":"solidariedade-oficializa-pre-candidatura-de-bruno-calil-a-prefeitura-de-campos","status":"publish","type":"post","link":"https:\/\/www.tribunanf.com.br\/blogdoralfereis\/2020\/09\/16\/solidariedade-oficializa-pre-candidatura-de-bruno-calil-a-prefeitura-de-campos\/","title":{"rendered":"Solidariedade oficializa pr\u00e9-candidatura de Bruno Calil \u00e0 Prefeitura de Campos"},"content":{"rendered":"<p><img loading=\"lazy\" decoding=\"async\" class=\"aligncenter size-full wp-image-5020\" src=\"https:\/\/www.tribunanf.com.br\/blogdoralfereis\/wp-content\/uploads\/sites\/11\/2020\/09\/1_calil-1674581.jpeg\" alt=\"\" width=\"600\" height=\"534\" srcset=\"https:\/\/www.tribunanf.com.br\/blogdoralfereis\/wp-content\/uploads\/sites\/11\/2020\/09\/1_calil-1674581.jpeg 600w, https:\/\/www.tribunanf.com.br\/blogdoralfereis\/wp-content\/uploads\/sites\/11\/2020\/09\/1_calil-1674581-300x267.jpeg 300w\" sizes=\"auto, (max-width: 600px) 100vw, 600px\" \/><\/p>\n<p style=\"text-align: justify;\">Em conven\u00e7\u00e3o realizada na noite desta ter\u00e7a-feira (15), a coliga\u00e7\u00e3o Nova For\u00e7a oficializou a pr\u00e9-candidatura do m\u00e9dico e servidor p\u00fablico Bruno Calil (SD) \u00e0 Prefeitura de Campos, tendo o pastor Eber Silva (DEM) ao seu lado como vice na chapa. O evento tamb\u00e9m marcou as conven\u00e7\u00f5es do DEM, PSDB e PTC, que fazem parte da coliga\u00e7\u00e3o.<\/p>\n<p style=\"text-align: justify;\">Em seu primeiro discurso, Bruno criticou a situa\u00e7\u00e3o da sa\u00fade e o abandono de diversos setores da administra\u00e7\u00e3o p\u00fablica: \u201cComo m\u00e9dico, n\u00e3o posso aceitar a Sa\u00fade de Campos como est\u00e1. O munic\u00edpio investe mais de R$ 700 milh\u00f5es na \u00e1rea e a popula\u00e7\u00e3o n\u00e3o consegue atendimento. UBSs fechadas em meio \u00e0 pandemia, HGG caindo aos peda\u00e7os e com a emerg\u00eancia interditada, servidores sem condi\u00e7\u00f5es de trabalho. Eu mesmo j\u00e1 vi colegas fazendo plant\u00f5es e precisando descansar no carro, por falta das m\u00ednimas condi\u00e7\u00f5es de dignidade no trabalho. Vendo tudo isso eu n\u00e3o posso me calar, me confortar. A situa\u00e7\u00e3o em que a nossa cidade se encontra \u00e9 motivo de indigna\u00e7\u00e3o para todos e por isso eu aceitei o desafio de transformar essa realidade\u201d, disse.<\/p>\n<p style=\"text-align: justify;\">Calil tamb\u00e9m subiu o tom com seus advers\u00e1rios. \u201cO caos da nossa cidade n\u00e3o \u00e9 recente, isso acontece h\u00e1 quase 40 anos. S\u00e3o tr\u00eas fam\u00edlias que revezam no poder e na roubalheira. \u00c9 filho de ladr\u00e3o dizendo que \u00e9 o novo, \u00e9 malandro que nunca trabalhou dizendo que vai trabalhar por Campos e mau gestor querendo uma segunda chance. Chegou a hora de uma nova for\u00e7a mudar essa cidade, porque o povo n\u00e3o aguenta mais colher os frutos da irresponsabilidade de maus gestores\u201d, criticou Bruno.<\/p>\n<p style=\"text-align: justify;\">O deputado Rodrigo Bacellar (SD) destacou a for\u00e7a do grupo que comp\u00f5e a coliga\u00e7\u00e3o e agradeceu aos partidos que apoiar\u00e3o a candidatura de Bruno Calil. &#8220;O doutor Bruno Calil representa um grupo coeso, que vai lutar contra quem acha que manda na cidade. Ele foi convidado e aceitou por livre e espont\u00e2nea vontade. N\u00e3o teve pai, m\u00e3e e nem ningu\u00e9m que o obrigou a ser candidato&#8221;, disse Rodrigo.<\/p>\n<p style=\"text-align: justify;\">O deputado \u00c1ureo, presidente estadual do Solidariedade, desejou boa sorte ao candidato. &#8220;Que voc\u00ea tenha sorte nessa miss\u00e3o dif\u00edcil de transformar Campos&#8221;, disse ele, colocando-se \u00e0 disposi\u00e7\u00e3o de Campos para enfrentar os desafios que vir\u00e3o. \u201cO desafio \u00e9 grande, mas a cidade precisa de voc\u00ea.\u201d<\/p>\n<p style=\"text-align: justify;\">O pastor Eber Silva, pr\u00e9-candidato a vice-prefeito, citando uma par\u00e1bola b\u00edblica, falou sobre o tamanho do desafio que Campos enfrenta, como fruto da irresponsabilidade das gest\u00f5es anteriores. \u201cA B\u00edblia fala de cidades que escolheram l\u00edderes ruins e tiveram dias espinhosos. Campos j\u00e1 teve dias espinhosos, est\u00e1 na hora de juntos reconstruirmos a nossa cidade\u201d, concluiu Eber.<\/p>\n<p style=\"text-align: justify;\">O evento, que contou com presen\u00e7a dos pr\u00e9-candidatos da nominata e lideran\u00e7as pol\u00edticas, foi cercado de cuidados por conta dos protocolos sanit\u00e1rios, em raz\u00e3o da pandemia do Covid-19, seguindo a risca o uso obrigat\u00f3rio de m\u00e1scara, distanciamento social e disponibiliza\u00e7\u00e3o de \u00e1lcool em gel para todos os presentes. As autoridades sanit\u00e1rias estiveram presentes no local e verificaram o cumprimento de todos os protocolos.<\/p>\n<p style=\"text-align: justify;\">Blog de Fato*<\/p>\n","protected":false},"excerpt":{"rendered":"<p>Em conven\u00e7\u00e3o realizada na noite desta ter\u00e7a-feira (15), a coliga\u00e7\u00e3o Nova For\u00e7a oficializou a pr\u00e9-candidatura do m\u00e9dico e servidor p\u00fablico&#8230;<\/p>\n","protected":false},"author":2,"featured_media":5020,"comment_status":"open","ping_status":"open","sticky":false,"template":"","format":"standard","meta":{"colormag_page_container_layout":"default_layout","colormag_page_sidebar_layout":"default_layout","jetpack_post_was_ever_published":false,"_jetpack_newsletter_access":"","_jetpack_dont_email_post_to_subs":false,"_jetpack_newsletter_tier_id":0,"_jetpack_memberships_contains_paywalled_content":false,"_jetpack_memberships_contains_paid_content":false,"footnotes":""},"categories":[2],"tags":[],"class_list":["post-5019","post","type-post","status-publish","format-standard","has-post-thumbnail","hentry","category-politica"],"jetpack_featured_media_url":"https:\/\/www.tribunanf.com.br\/blogdoralfereis\/wp-content\/uploads\/sites\/11\/2020\/09\/1_calil-1674581.jpeg","jetpack_sharing_enabled":true,"_links":{"self":[{"href":"https:\/\/www.tribunanf.com.br\/blogdoralfereis\/wp-json\/wp\/v2\/posts\/5019","targetHints":{"allow":["GET"]}}],"collection":[{"href":"https:\/\/www.tribunanf.com.br\/blogdoralfereis\/wp-json\/wp\/v2\/posts"}],"about":[{"href":"https:\/\/www.tribunanf.com.br\/blogdoralfereis\/wp-json\/wp\/v2\/types\/post"}],"author":[{"embeddable":true,"href":"https:\/\/www.tribunanf.com.br\/blogdoralfereis\/wp-json\/wp\/v2\/users\/2"}],"replies":[{"embeddable":true,"href":"https:\/\/www.tribunanf.com.br\/blogdoralfereis\/wp-json\/wp\/v2\/comments?post=5019"}],"version-history":[{"count":0,"href":"https:\/\/www.tribunanf.com.br\/blogdoralfereis\/wp-json\/wp\/v2\/posts\/5019\/revisions"}],"wp:featuredmedia":[{"embeddable":true,"href":"https:\/\/www.tribunanf.com.br\/blogdoralfereis\/wp-json\/wp\/v2\/media\/5020"}],"wp:attachment":[{"href":"https:\/\/www.tribunanf.com.br\/blogdoralfereis\/wp-json\/wp\/v2\/media?parent=5019"}],"wp:term":[{"taxonomy":"category","embeddable":true,"href":"https:\/\/www.tribunanf.com.br\/blogdoralfereis\/wp-json\/wp\/v2\/categories?post=5019"},{"taxonomy":"post_tag","embeddable":true,"href":"https:\/\/www.tribunanf.com.br\/blogdoralfereis\/wp-json\/wp\/v2\/tags?post=5019"}],"curies":[{"name":"wp","href":"https:\/\/api.w.org\/{rel}","templated":true}]}}